{"id":8645,"date":"2025-05-04T20:00:00","date_gmt":"2025-05-04T18:00:00","guid":{"rendered":"https:\/\/ecole-saint-joseph-44690.fr\/blog\/?p=8645"},"modified":"2025-05-05T09:38:25","modified_gmt":"2025-05-05T07:38:25","slug":"nouveaux-velos-en-maternelle","status":"publish","type":"post","link":"https:\/\/ecole-saint-joseph-44690.fr\/blog\/?p=8645","title":{"rendered":"Nouveaux v\u00e9los en maternelle!"},"content":{"rendered":"\n<p>Gr\u00e2ce \u00e0 votre participation aux actions de l\u2019APEL (loto, madeleines Bijou, chocolats &#8230;), l\u2019Apel a pu financer de nouveaux v\u00e9los.<\/p>\n\n\n\n<p>Les \u00e9l\u00e8ves de maternelle sont ravis !<\/p>\n\n\n\n<figure class=\"wp-block-gallery has-nested-images columns-default is-cropped wp-block-gallery-1 is-layout-flex wp-block-gallery-is-layout-flex\">\n<figure class=\"wp-block-image size-large\"><a href=\"https:\/\/ecole-saint-joseph-44690.fr\/blog\/wp-content\/uploads\/2025\/05\/495363992_1285313930129373_5217643436275781111_n-1.jpg\"><img loading=\"lazy\" decoding=\"async\" width=\"1024\" height=\"768\" data-attachment-id=\"8651\" data-permalink=\"https:\/\/ecole-saint-joseph-44690.fr\/blog\/?attachment_id=8651\" data-orig-file=\"https:\/\/ecole-saint-joseph-44690.fr\/blog\/wp-content\/uploads\/2025\/05\/495363992_1285313930129373_5217643436275781111_n-1.jpg\" data-orig-size=\"1600,1200\" data-comments-opened=\"1\" data-image-meta=\"{&quot;aperture&quot;:&quot;0&quot;,&quot;credit&quot;:&quot;&quot;,&quot;camera&quot;:&quot;&quot;,&quot;caption&quot;:&quot;&quot;,&quot;created_timestamp&quot;:&quot;0&quot;,&quot;copyright&quot;:&quot;&quot;,&quot;focal_length&quot;:&quot;0&quot;,&quot;iso&quot;:&quot;0&quot;,&quot;shutter_speed&quot;:&quot;0&quot;,&quot;title&quot;:&quot;&quot;,&quot;orientation&quot;:&quot;0&quot;}\" data-image-title=\"495363992_1285313930129373_5217643436275781111_n\" data-image-description=\"\" data-image-caption=\"\" data-large-file=\"https:\/\/ecole-saint-joseph-44690.fr\/blog\/wp-content\/uploads\/2025\/05\/495363992_1285313930129373_5217643436275781111_n-1-1024x768.jpg\" data-id=\"8651\" src=\"https:\/\/ecole-saint-joseph-44690.fr\/blog\/wp-content\/uploads\/2025\/05\/495363992_1285313930129373_5217643436275781111_n-1-1024x768.jpg\" alt=\"\" class=\"wp-image-8651\" srcset=\"https:\/\/ecole-saint-joseph-44690.fr\/blog\/wp-content\/uploads\/2025\/05\/495363992_1285313930129373_5217643436275781111_n-1-1024x768.jpg 1024w, https:\/\/ecole-saint-joseph-44690.fr\/blog\/wp-content\/uploads\/2025\/05\/495363992_1285313930129373_5217643436275781111_n-1-300x225.jpg 300w, https:\/\/ecole-saint-joseph-44690.fr\/blog\/wp-content\/uploads\/2025\/05\/495363992_1285313930129373_5217643436275781111_n-1-768x576.jpg 768w, https:\/\/ecole-saint-joseph-44690.fr\/blog\/wp-content\/uploads\/2025\/05\/495363992_1285313930129373_5217643436275781111_n-1-1536x1152.jpg 1536w, https:\/\/ecole-saint-joseph-44690.fr\/blog\/wp-content\/uploads\/2025\/05\/495363992_1285313930129373_5217643436275781111_n-1.jpg 1600w\" sizes=\"auto, (max-width: 1024px) 100vw, 1024px\" \/><\/a><\/figure>\n\n\n\n<figure class=\"wp-block-image size-large\"><a href=\"https:\/\/ecole-saint-joseph-44690.fr\/blog\/wp-content\/uploads\/2025\/05\/495211268_1285313643462735_8808008384046959122_n.jpg\"><img loading=\"lazy\" decoding=\"async\" width=\"723\" height=\"954\" data-attachment-id=\"8648\" data-permalink=\"https:\/\/ecole-saint-joseph-44690.fr\/blog\/?attachment_id=8648\" data-orig-file=\"https:\/\/ecole-saint-joseph-44690.fr\/blog\/wp-content\/uploads\/2025\/05\/495211268_1285313643462735_8808008384046959122_n.jpg\" data-orig-size=\"723,954\" data-comments-opened=\"1\" data-image-meta=\"{&quot;aperture&quot;:&quot;0&quot;,&quot;credit&quot;:&quot;&quot;,&quot;camera&quot;:&quot;&quot;,&quot;caption&quot;:&quot;&quot;,&quot;created_timestamp&quot;:&quot;0&quot;,&quot;copyright&quot;:&quot;&quot;,&quot;focal_length&quot;:&quot;0&quot;,&quot;iso&quot;:&quot;0&quot;,&quot;shutter_speed&quot;:&quot;0&quot;,&quot;title&quot;:&quot;&quot;,&quot;orientation&quot;:&quot;0&quot;}\" data-image-title=\"495211268_1285313643462735_8808008384046959122_n\" data-image-description=\"\" data-image-caption=\"\" data-large-file=\"https:\/\/ecole-saint-joseph-44690.fr\/blog\/wp-content\/uploads\/2025\/05\/495211268_1285313643462735_8808008384046959122_n.jpg\" data-id=\"8648\" src=\"https:\/\/ecole-saint-joseph-44690.fr\/blog\/wp-content\/uploads\/2025\/05\/495211268_1285313643462735_8808008384046959122_n.jpg\" alt=\"\" class=\"wp-image-8648\" srcset=\"https:\/\/ecole-saint-joseph-44690.fr\/blog\/wp-content\/uploads\/2025\/05\/495211268_1285313643462735_8808008384046959122_n.jpg 723w, https:\/\/ecole-saint-joseph-44690.fr\/blog\/wp-content\/uploads\/2025\/05\/495211268_1285313643462735_8808008384046959122_n-227x300.jpg 227w\" sizes=\"auto, (max-width: 723px) 100vw, 723px\" \/><\/a><\/figure>\n\n\n\n<figure class=\"wp-block-image size-large\"><a href=\"https:\/\/ecole-saint-joseph-44690.fr\/blog\/wp-content\/uploads\/2025\/05\/494807243_1285313846796048_5649643316730106737_n-1.jpg\"><img loading=\"lazy\" decoding=\"async\" width=\"1024\" height=\"768\" data-attachment-id=\"8650\" data-permalink=\"https:\/\/ecole-saint-joseph-44690.fr\/blog\/?attachment_id=8650\" data-orig-file=\"https:\/\/ecole-saint-joseph-44690.fr\/blog\/wp-content\/uploads\/2025\/05\/494807243_1285313846796048_5649643316730106737_n-1.jpg\" data-orig-size=\"1600,1200\" data-comments-opened=\"1\" data-image-meta=\"{&quot;aperture&quot;:&quot;0&quot;,&quot;credit&quot;:&quot;&quot;,&quot;camera&quot;:&quot;&quot;,&quot;caption&quot;:&quot;&quot;,&quot;created_timestamp&quot;:&quot;0&quot;,&quot;copyright&quot;:&quot;&quot;,&quot;focal_length&quot;:&quot;0&quot;,&quot;iso&quot;:&quot;0&quot;,&quot;shutter_speed&quot;:&quot;0&quot;,&quot;title&quot;:&quot;&quot;,&quot;orientation&quot;:&quot;0&quot;}\" data-image-title=\"494807243_1285313846796048_5649643316730106737_n\" data-image-description=\"\" data-image-caption=\"\" data-large-file=\"https:\/\/ecole-saint-joseph-44690.fr\/blog\/wp-content\/uploads\/2025\/05\/494807243_1285313846796048_5649643316730106737_n-1-1024x768.jpg\" data-id=\"8650\" src=\"https:\/\/ecole-saint-joseph-44690.fr\/blog\/wp-content\/uploads\/2025\/05\/494807243_1285313846796048_5649643316730106737_n-1-1024x768.jpg\" alt=\"\" class=\"wp-image-8650\" srcset=\"https:\/\/ecole-saint-joseph-44690.fr\/blog\/wp-content\/uploads\/2025\/05\/494807243_1285313846796048_5649643316730106737_n-1-1024x768.jpg 1024w, https:\/\/ecole-saint-joseph-44690.fr\/blog\/wp-content\/uploads\/2025\/05\/494807243_1285313846796048_5649643316730106737_n-1-300x225.jpg 300w, https:\/\/ecole-saint-joseph-44690.fr\/blog\/wp-content\/uploads\/2025\/05\/494807243_1285313846796048_5649643316730106737_n-1-768x576.jpg 768w, https:\/\/ecole-saint-joseph-44690.fr\/blog\/wp-content\/uploads\/2025\/05\/494807243_1285313846796048_5649643316730106737_n-1-1536x1152.jpg 1536w, https:\/\/ecole-saint-joseph-44690.fr\/blog\/wp-content\/uploads\/2025\/05\/494807243_1285313846796048_5649643316730106737_n-1.jpg 1600w\" sizes=\"auto, (max-width: 1024px) 100vw, 1024px\" \/><\/a><\/figure>\n\n\n\n<figure class=\"wp-block-image size-large\"><a href=\"https:\/\/ecole-saint-joseph-44690.fr\/blog\/wp-content\/uploads\/2025\/05\/494845786_1285313983462701_8652239303659043990_n.jpg\"><img loading=\"lazy\" decoding=\"async\" width=\"1024\" height=\"980\" data-attachment-id=\"8649\" data-permalink=\"https:\/\/ecole-saint-joseph-44690.fr\/blog\/?attachment_id=8649\" data-orig-file=\"https:\/\/ecole-saint-joseph-44690.fr\/blog\/wp-content\/uploads\/2025\/05\/494845786_1285313983462701_8652239303659043990_n.jpg\" data-orig-size=\"1240,1187\" data-comments-opened=\"1\" data-image-meta=\"{&quot;aperture&quot;:&quot;0&quot;,&quot;credit&quot;:&quot;&quot;,&quot;camera&quot;:&quot;&quot;,&quot;caption&quot;:&quot;&quot;,&quot;created_timestamp&quot;:&quot;0&quot;,&quot;copyright&quot;:&quot;&quot;,&quot;focal_length&quot;:&quot;0&quot;,&quot;iso&quot;:&quot;0&quot;,&quot;shutter_speed&quot;:&quot;0&quot;,&quot;title&quot;:&quot;&quot;,&quot;orientation&quot;:&quot;0&quot;}\" data-image-title=\"494845786_1285313983462701_8652239303659043990_n\" data-image-description=\"\" data-image-caption=\"\" data-large-file=\"https:\/\/ecole-saint-joseph-44690.fr\/blog\/wp-content\/uploads\/2025\/05\/494845786_1285313983462701_8652239303659043990_n-1024x980.jpg\" data-id=\"8649\" src=\"https:\/\/ecole-saint-joseph-44690.fr\/blog\/wp-content\/uploads\/2025\/05\/494845786_1285313983462701_8652239303659043990_n-1024x980.jpg\" alt=\"\" class=\"wp-image-8649\" srcset=\"https:\/\/ecole-saint-joseph-44690.fr\/blog\/wp-content\/uploads\/2025\/05\/494845786_1285313983462701_8652239303659043990_n-1024x980.jpg 1024w, https:\/\/ecole-saint-joseph-44690.fr\/blog\/wp-content\/uploads\/2025\/05\/494845786_1285313983462701_8652239303659043990_n-300x287.jpg 300w, https:\/\/ecole-saint-joseph-44690.fr\/blog\/wp-content\/uploads\/2025\/05\/494845786_1285313983462701_8652239303659043990_n-768x735.jpg 768w, https:\/\/ecole-saint-joseph-44690.fr\/blog\/wp-content\/uploads\/2025\/05\/494845786_1285313983462701_8652239303659043990_n.jpg 1240w\" sizes=\"auto, (max-width: 1024px) 100vw, 1024px\" \/><\/a><\/figure>\n<\/figure>\n","protected":false},"excerpt":{"rendered":"<p>Gr\u00e2ce \u00e0 votre participation aux actions de l\u2019APEL (loto, madeleines Bijou, chocolats &#8230;), l\u2019Apel a pu financer de nouveaux v\u00e9los. Les \u00e9l\u00e8ves de maternelle sont ravis !<\/p>\n","protected":false},"author":4,"featured_media":0,"comment_status":"open","ping_status":"open","sticky":false,"template":"","format":"standard","meta":{"jetpack_post_was_ever_published":false,"_jetpack_newsletter_access":"","_jetpack_dont_email_post_to_subs":false,"_jetpack_newsletter_tier_id":0,"_jetpack_memberships_contains_paywalled_content":false,"_jetpack_memberships_contains_paid_content":false,"footnotes":"","jetpack_publicize_message":"","jetpack_publicize_feature_enabled":true,"jetpack_social_post_already_shared":true,"jetpack_social_options":{"image_generator_settings":{"template":"highway","default_image_id":0,"font":"","enabled":false},"version":2}},"categories":[42,11,1,35,38,36,37],"tags":[],"class_list":["post-8645","post","type-post","status-publish","format-standard","hentry","category-apel","category-ecole","category-general","category-gs","category-maternelle","category-ms","category-ps"],"jetpack_publicize_connections":[],"jetpack_featured_media_url":"","jetpack_sharing_enabled":true,"jetpack_shortlink":"https:\/\/wp.me\/p5G85k-2fr","jetpack_likes_enabled":true,"jetpack-related-posts":[{"id":8690,"url":"https:\/\/ecole-saint-joseph-44690.fr\/blog\/?p=8690","url_meta":{"origin":8645,"position":0},"title":"PORTES OUVERTES samedi 10 janvier 2026 de 10h \u00e0 12h","author":"S\u00e9bastien JACOB","date":"29 d\u00e9cembre 2025","format":false,"excerpt":"\u00a0\u00e0 vos agendas !Les portes ouvertes de l\u2019\u00e9cole auront lieu\u00a0le samedi 10 janvier 2026 de 10h \u00e0 12h,\u00a0venez visiter l\u2019\u00e9cole, rencontrer les enseignantes et les membres de l\u2019APEL. Nous vous esp\u00e9rons nombreux \u00e0 d\u00e9couvrir nos fonctionnements de classe avec vos enfants.","rel":"","context":"Dans &quot;CE1&quot;","block_context":{"text":"CE1","link":"https:\/\/ecole-saint-joseph-44690.fr\/blog\/?cat=90"},"img":{"alt_text":"","src":"https:\/\/i0.wp.com\/ecole-saint-joseph-44690.fr\/blog\/wp-content\/uploads\/2025\/12\/JPO-ecole_affiche_Plan-de-travail-1-1.jpg?resize=350%2C200&ssl=1","width":350,"height":200,"srcset":"https:\/\/i0.wp.com\/ecole-saint-joseph-44690.fr\/blog\/wp-content\/uploads\/2025\/12\/JPO-ecole_affiche_Plan-de-travail-1-1.jpg?resize=350%2C200&ssl=1 1x, https:\/\/i0.wp.com\/ecole-saint-joseph-44690.fr\/blog\/wp-content\/uploads\/2025\/12\/JPO-ecole_affiche_Plan-de-travail-1-1.jpg?resize=525%2C300&ssl=1 1.5x, https:\/\/i0.wp.com\/ecole-saint-joseph-44690.fr\/blog\/wp-content\/uploads\/2025\/12\/JPO-ecole_affiche_Plan-de-travail-1-1.jpg?resize=700%2C400&ssl=1 2x, https:\/\/i0.wp.com\/ecole-saint-joseph-44690.fr\/blog\/wp-content\/uploads\/2025\/12\/JPO-ecole_affiche_Plan-de-travail-1-1.jpg?resize=1050%2C600&ssl=1 3x, https:\/\/i0.wp.com\/ecole-saint-joseph-44690.fr\/blog\/wp-content\/uploads\/2025\/12\/JPO-ecole_affiche_Plan-de-travail-1-1.jpg?resize=1400%2C800&ssl=1 4x"},"classes":[]},{"id":8100,"url":"https:\/\/ecole-saint-joseph-44690.fr\/blog\/?p=8100","url_meta":{"origin":8645,"position":1},"title":"PORTES OUVERTES samedi 26 Novembre 2022 de 10h \u00e0 12h","author":"APEL","date":"16 novembre 2022","format":false,"excerpt":"A vos agendas ! Les portes ouvertes de l'\u00e9cole auront lieu le samedi 26 novembre 2022 de 10h \u00e0 12h, venez visiter l'\u00e9cole, rencontrer les enseignantes et les membres de l'APEL. Nous vous esp\u00e9rons nombreux \u00e0 d\u00e9couvrir nos fonctionnements de classe par le biais d'un escape game \u00e0 faire avec\u2026","rel":"","context":"Dans &quot;APEL&quot;","block_context":{"text":"APEL","link":"https:\/\/ecole-saint-joseph-44690.fr\/blog\/?cat=42"},"img":{"alt_text":"","src":"https:\/\/i0.wp.com\/ecole-saint-joseph-44690.fr\/blog\/wp-content\/uploads\/2022\/11\/affiche_poteouvertes_nov_2022.jpg?resize=350%2C200&ssl=1","width":350,"height":200,"srcset":"https:\/\/i0.wp.com\/ecole-saint-joseph-44690.fr\/blog\/wp-content\/uploads\/2022\/11\/affiche_poteouvertes_nov_2022.jpg?resize=350%2C200&ssl=1 1x, https:\/\/i0.wp.com\/ecole-saint-joseph-44690.fr\/blog\/wp-content\/uploads\/2022\/11\/affiche_poteouvertes_nov_2022.jpg?resize=525%2C300&ssl=1 1.5x, https:\/\/i0.wp.com\/ecole-saint-joseph-44690.fr\/blog\/wp-content\/uploads\/2022\/11\/affiche_poteouvertes_nov_2022.jpg?resize=700%2C400&ssl=1 2x, https:\/\/i0.wp.com\/ecole-saint-joseph-44690.fr\/blog\/wp-content\/uploads\/2022\/11\/affiche_poteouvertes_nov_2022.jpg?resize=1050%2C600&ssl=1 3x"},"classes":[]},{"id":8561,"url":"https:\/\/ecole-saint-joseph-44690.fr\/blog\/?p=8561","url_meta":{"origin":8645,"position":2},"title":"PORTES OUVERTES samedi 30 Novembre 2024 de 10h \u00e0 12h","author":"S\u00e9bastien JACOB","date":"17 octobre 2024","format":false,"excerpt":"\u00a0vos agendas !Les portes ouvertes de l\u2019\u00e9cole auront lieu\u00a0le samedi 30 novembre 2024 de 10h \u00e0 12h,\u00a0venez visiter l\u2019\u00e9cole, rencontrer les enseignantes et les membres de l\u2019APEL. Nous vous esp\u00e9rons nombreux \u00e0 d\u00e9couvrir nos fonctionnements de classe avec vos enfants.","rel":"","context":"Dans &quot;APEL&quot;","block_context":{"text":"APEL","link":"https:\/\/ecole-saint-joseph-44690.fr\/blog\/?cat=42"},"img":{"alt_text":"","src":"https:\/\/i0.wp.com\/ecole-saint-joseph-44690.fr\/blog\/wp-content\/uploads\/2024\/10\/image.png?resize=350%2C200&ssl=1","width":350,"height":200,"srcset":"https:\/\/i0.wp.com\/ecole-saint-joseph-44690.fr\/blog\/wp-content\/uploads\/2024\/10\/image.png?resize=350%2C200&ssl=1 1x, https:\/\/i0.wp.com\/ecole-saint-joseph-44690.fr\/blog\/wp-content\/uploads\/2024\/10\/image.png?resize=525%2C300&ssl=1 1.5x, https:\/\/i0.wp.com\/ecole-saint-joseph-44690.fr\/blog\/wp-content\/uploads\/2024\/10\/image.png?resize=700%2C400&ssl=1 2x"},"classes":[]},{"id":8379,"url":"https:\/\/ecole-saint-joseph-44690.fr\/blog\/?p=8379","url_meta":{"origin":8645,"position":3},"title":"KERMESSE du 25 Juin 2023","author":"S\u00e9bastien JACOB","date":"25 juin 2023","format":false,"excerpt":"Jour de f\u00eate aux moulins des landes ! Une tr\u00e8s belle kermesse sous le signe du soleil. Un grand merci \u00e0 l'APEL pour l'organisation de cette journ\u00e9e, \u00e0 l'\u00e9quipe \u00e9ducative et aux parents qui ont donn\u00e9 de leur temps pour tenir un stand ou aider au d\u00e9montage. Et bravo aux\u2026","rel":"","context":"Dans &quot;APEL&quot;","block_context":{"text":"APEL","link":"https:\/\/ecole-saint-joseph-44690.fr\/blog\/?cat=42"},"img":{"alt_text":"","src":"https:\/\/i0.wp.com\/ecole-saint-joseph-44690.fr\/blog\/wp-content\/uploads\/2023\/07\/349190738_787565609904210_8564667885985460067_n-150x150.jpg?resize=350%2C200&ssl=1","width":350,"height":200,"srcset":"https:\/\/i0.wp.com\/ecole-saint-joseph-44690.fr\/blog\/wp-content\/uploads\/2023\/07\/349190738_787565609904210_8564667885985460067_n-150x150.jpg?resize=350%2C200&ssl=1 1x, https:\/\/i0.wp.com\/ecole-saint-joseph-44690.fr\/blog\/wp-content\/uploads\/2023\/07\/349190738_787565609904210_8564667885985460067_n-150x150.jpg?resize=525%2C300&ssl=1 1.5x, https:\/\/i0.wp.com\/ecole-saint-joseph-44690.fr\/blog\/wp-content\/uploads\/2023\/07\/349190738_787565609904210_8564667885985460067_n-150x150.jpg?resize=700%2C400&ssl=1 2x, https:\/\/i0.wp.com\/ecole-saint-joseph-44690.fr\/blog\/wp-content\/uploads\/2023\/07\/349190738_787565609904210_8564667885985460067_n-150x150.jpg?resize=1050%2C600&ssl=1 3x, https:\/\/i0.wp.com\/ecole-saint-joseph-44690.fr\/blog\/wp-content\/uploads\/2023\/07\/349190738_787565609904210_8564667885985460067_n-150x150.jpg?resize=1400%2C800&ssl=1 4x"},"classes":[]},{"id":8313,"url":"https:\/\/ecole-saint-joseph-44690.fr\/blog\/?p=8313","url_meta":{"origin":8645,"position":4},"title":"Matin\u00e9e sportive pour les \u00e9l\u00e8ves de maternelle","author":"S\u00e9bastien JACOB","date":"23 mai 2023","format":false,"excerpt":"Pendant que les plus grands \u00e9taient \u00e0 Ch\u00e2teau Th\u00e9baud pour une journ\u00e9e sportive, les \u00e9l\u00e8ves de maternelle \u00e9taient eux en matin\u00e9e sportive :-)","rel":"","context":"Dans &quot;Ecole&quot;","block_context":{"text":"Ecole","link":"https:\/\/ecole-saint-joseph-44690.fr\/blog\/?cat=11"},"img":{"alt_text":"","src":"https:\/\/i0.wp.com\/ecole-saint-joseph-44690.fr\/blog\/wp-content\/uploads\/2023\/06\/349296657_197683323210754_6926521713256441466_n.jpg?resize=350%2C200&ssl=1","width":350,"height":200,"srcset":"https:\/\/i0.wp.com\/ecole-saint-joseph-44690.fr\/blog\/wp-content\/uploads\/2023\/06\/349296657_197683323210754_6926521713256441466_n.jpg?resize=350%2C200&ssl=1 1x, https:\/\/i0.wp.com\/ecole-saint-joseph-44690.fr\/blog\/wp-content\/uploads\/2023\/06\/349296657_197683323210754_6926521713256441466_n.jpg?resize=525%2C300&ssl=1 1.5x, https:\/\/i0.wp.com\/ecole-saint-joseph-44690.fr\/blog\/wp-content\/uploads\/2023\/06\/349296657_197683323210754_6926521713256441466_n.jpg?resize=700%2C400&ssl=1 2x, https:\/\/i0.wp.com\/ecole-saint-joseph-44690.fr\/blog\/wp-content\/uploads\/2023\/06\/349296657_197683323210754_6926521713256441466_n.jpg?resize=1050%2C600&ssl=1 3x, https:\/\/i0.wp.com\/ecole-saint-joseph-44690.fr\/blog\/wp-content\/uploads\/2023\/06\/349296657_197683323210754_6926521713256441466_n.jpg?resize=1400%2C800&ssl=1 4x"},"classes":[]},{"id":8163,"url":"https:\/\/ecole-saint-joseph-44690.fr\/blog\/?p=8163","url_meta":{"origin":8645,"position":5},"title":"Cadeaux des petits lutins de L&rsquo;APEL","author":"S\u00e9bastien JACOB","date":"5 janvier 2023","format":false,"excerpt":"Les enseignantes remercient les petits lutins de l\u2019APEL pour le cadeau de No\u00ebl d\u00e9pos\u00e9 dans chaque classe. Les enfants ont pu le d\u00e9couvrir \u00e0 leur retour des vacances de No\u00ebl","rel":"","context":"Dans &quot;APEL&quot;","block_context":{"text":"APEL","link":"https:\/\/ecole-saint-joseph-44690.fr\/blog\/?cat=42"},"img":{"alt_text":"","src":"https:\/\/i0.wp.com\/ecole-saint-joseph-44690.fr\/blog\/wp-content\/uploads\/2023\/02\/image-16.png?resize=350%2C200&ssl=1","width":350,"height":200,"srcset":"https:\/\/i0.wp.com\/ecole-saint-joseph-44690.fr\/blog\/wp-content\/uploads\/2023\/02\/image-16.png?resize=350%2C200&ssl=1 1x, https:\/\/i0.wp.com\/ecole-saint-joseph-44690.fr\/blog\/wp-content\/uploads\/2023\/02\/image-16.png?resize=525%2C300&ssl=1 1.5x, https:\/\/i0.wp.com\/ecole-saint-joseph-44690.fr\/blog\/wp-content\/uploads\/2023\/02\/image-16.png?resize=700%2C400&ssl=1 2x"},"classes":[]}],"_links":{"self":[{"href":"https:\/\/ecole-saint-joseph-44690.fr\/blog\/index.php?rest_route=\/wp\/v2\/posts\/8645","targetHints":{"allow":["GET"]}}],"collection":[{"href":"https:\/\/ecole-saint-joseph-44690.fr\/blog\/index.php?rest_route=\/wp\/v2\/posts"}],"about":[{"href":"https:\/\/ecole-saint-joseph-44690.fr\/blog\/index.php?rest_route=\/wp\/v2\/types\/post"}],"author":[{"embeddable":true,"href":"https:\/\/ecole-saint-joseph-44690.fr\/blog\/index.php?rest_route=\/wp\/v2\/users\/4"}],"replies":[{"embeddable":true,"href":"https:\/\/ecole-saint-joseph-44690.fr\/blog\/index.php?rest_route=%2Fwp%2Fv2%2Fcomments&post=8645"}],"version-history":[{"count":2,"href":"https:\/\/ecole-saint-joseph-44690.fr\/blog\/index.php?rest_route=\/wp\/v2\/posts\/8645\/revisions"}],"predecessor-version":[{"id":8653,"href":"https:\/\/ecole-saint-joseph-44690.fr\/blog\/index.php?rest_route=\/wp\/v2\/posts\/8645\/revisions\/8653"}],"wp:attachment":[{"href":"https:\/\/ecole-saint-joseph-44690.fr\/blog\/index.php?rest_route=%2Fwp%2Fv2%2Fmedia&parent=8645"}],"wp:term":[{"taxonomy":"category","embeddable":true,"href":"https:\/\/ecole-saint-joseph-44690.fr\/blog\/index.php?rest_route=%2Fwp%2Fv2%2Fcategories&post=8645"},{"taxonomy":"post_tag","embeddable":true,"href":"https:\/\/ecole-saint-joseph-44690.fr\/blog\/index.php?rest_route=%2Fwp%2Fv2%2Ftags&post=8645"}],"curies":[{"name":"wp","href":"https:\/\/api.w.org\/{rel}","templated":true}]}}