{"id":8417,"date":"2023-07-06T13:12:00","date_gmt":"2023-07-06T11:12:00","guid":{"rendered":"https:\/\/ecole-saint-joseph-44690.fr\/blog\/?p=8417"},"modified":"2023-07-09T12:15:21","modified_gmt":"2023-07-09T10:15:21","slug":"pique-nique-de-fin-dannee","status":"publish","type":"post","link":"https:\/\/ecole-saint-joseph-44690.fr\/blog\/?p=8417","title":{"rendered":"Pique-nique de fin d&rsquo;ann\u00e9e"},"content":{"rendered":"\n<p>Le Jeudi midi toute l&rsquo;\u00e9cole s&rsquo;est retrouv\u00e9e pour un grand pique-nique dans la cour des primaires. <\/p>\n\n\n\n<figure class=\"wp-block-image size-full\"><a href=\"https:\/\/ecole-saint-joseph-44690.fr\/blog\/wp-content\/uploads\/2023\/07\/WhatsApp-Image-2023-07-09-a-06.45.12.jpg\"><img loading=\"lazy\" decoding=\"async\" width=\"1024\" height=\"768\" data-attachment-id=\"8418\" data-permalink=\"https:\/\/ecole-saint-joseph-44690.fr\/blog\/?attachment_id=8418\" data-orig-file=\"https:\/\/ecole-saint-joseph-44690.fr\/blog\/wp-content\/uploads\/2023\/07\/WhatsApp-Image-2023-07-09-a-06.45.12.jpg\" data-orig-size=\"1024,768\" data-comments-opened=\"1\" data-image-meta=\"{&quot;aperture&quot;:&quot;0&quot;,&quot;credit&quot;:&quot;&quot;,&quot;camera&quot;:&quot;&quot;,&quot;caption&quot;:&quot;&quot;,&quot;created_timestamp&quot;:&quot;0&quot;,&quot;copyright&quot;:&quot;&quot;,&quot;focal_length&quot;:&quot;0&quot;,&quot;iso&quot;:&quot;0&quot;,&quot;shutter_speed&quot;:&quot;0&quot;,&quot;title&quot;:&quot;&quot;,&quot;orientation&quot;:&quot;0&quot;}\" data-image-title=\"WhatsApp-Image-2023-07-09-a-06.45.12\" data-image-description=\"\" data-image-caption=\"\" data-large-file=\"https:\/\/ecole-saint-joseph-44690.fr\/blog\/wp-content\/uploads\/2023\/07\/WhatsApp-Image-2023-07-09-a-06.45.12.jpg\" src=\"https:\/\/ecole-saint-joseph-44690.fr\/blog\/wp-content\/uploads\/2023\/07\/WhatsApp-Image-2023-07-09-a-06.45.12.jpg\" alt=\"\" class=\"wp-image-8418\" srcset=\"https:\/\/ecole-saint-joseph-44690.fr\/blog\/wp-content\/uploads\/2023\/07\/WhatsApp-Image-2023-07-09-a-06.45.12.jpg 1024w, https:\/\/ecole-saint-joseph-44690.fr\/blog\/wp-content\/uploads\/2023\/07\/WhatsApp-Image-2023-07-09-a-06.45.12-300x225.jpg 300w, https:\/\/ecole-saint-joseph-44690.fr\/blog\/wp-content\/uploads\/2023\/07\/WhatsApp-Image-2023-07-09-a-06.45.12-768x576.jpg 768w\" sizes=\"auto, (max-width: 1024px) 100vw, 1024px\" \/><\/a><\/figure>\n","protected":false},"excerpt":{"rendered":"<p>Le Jeudi midi toute l&rsquo;\u00e9cole s&rsquo;est retrouv\u00e9e pour un grand pique-nique dans la cour des primaires.<\/p>\n","protected":false},"author":4,"featured_media":0,"comment_status":"open","ping_status":"open","sticky":false,"template":"","format":"standard","meta":{"jetpack_post_was_ever_published":false,"_jetpack_newsletter_access":"","_jetpack_dont_email_post_to_subs":false,"_jetpack_newsletter_tier_id":0,"_jetpack_memberships_contains_paywalled_content":false,"_jetpack_memberships_contains_paid_content":false,"footnotes":"","jetpack_publicize_message":"","jetpack_publicize_feature_enabled":true,"jetpack_social_post_already_shared":true,"jetpack_social_options":{"image_generator_settings":{"template":"highway","default_image_id":0,"font":"","enabled":false},"version":2}},"categories":[11],"tags":[],"class_list":["post-8417","post","type-post","status-publish","format-standard","hentry","category-ecole"],"jetpack_publicize_connections":[],"jetpack_featured_media_url":"","jetpack_sharing_enabled":true,"jetpack_shortlink":"https:\/\/wp.me\/p5G85k-2bL","jetpack_likes_enabled":true,"jetpack-related-posts":[{"id":8620,"url":"https:\/\/ecole-saint-joseph-44690.fr\/blog\/?p=8620","url_meta":{"origin":8417,"position":0},"title":"VOYAGE EN ESPAGNE 2025 (jours 3 4 5)","author":"S\u00e9bastien JACOB","date":"2 avril 2025","format":false,"excerpt":"Jour3:Les \u00e9l\u00e8ves ont d\u00e9couvert l'\u00e9cole de Los Corrales de Buelna. Puis ils ont eu une visite guid\u00e9e de la ville, par des \u00e9l\u00e8ves espagnols de 6e. Pique nique et apr\u00e8s midi \u00e0 Comillas pour visiter \u00able caprice de Gaud\u00ed \u00bb, c\u2019\u00e9tait sublime ! Les enfants ont aussi eu la chance\u2026","rel":"","context":"Dans &quot;CM1&quot;","block_context":{"text":"CM1","link":"https:\/\/ecole-saint-joseph-44690.fr\/blog\/?cat=92"},"img":{"alt_text":"","src":"https:\/\/i0.wp.com\/ecole-saint-joseph-44690.fr\/blog\/wp-content\/uploads\/2025\/04\/488268890_1254961133164653_3509363775231215163_n-150x150.jpg?resize=350%2C200&ssl=1","width":350,"height":200,"srcset":"https:\/\/i0.wp.com\/ecole-saint-joseph-44690.fr\/blog\/wp-content\/uploads\/2025\/04\/488268890_1254961133164653_3509363775231215163_n-150x150.jpg?resize=350%2C200&ssl=1 1x, https:\/\/i0.wp.com\/ecole-saint-joseph-44690.fr\/blog\/wp-content\/uploads\/2025\/04\/488268890_1254961133164653_3509363775231215163_n-150x150.jpg?resize=525%2C300&ssl=1 1.5x, https:\/\/i0.wp.com\/ecole-saint-joseph-44690.fr\/blog\/wp-content\/uploads\/2025\/04\/488268890_1254961133164653_3509363775231215163_n-150x150.jpg?resize=700%2C400&ssl=1 2x, https:\/\/i0.wp.com\/ecole-saint-joseph-44690.fr\/blog\/wp-content\/uploads\/2025\/04\/488268890_1254961133164653_3509363775231215163_n-150x150.jpg?resize=1050%2C600&ssl=1 3x, https:\/\/i0.wp.com\/ecole-saint-joseph-44690.fr\/blog\/wp-content\/uploads\/2025\/04\/488268890_1254961133164653_3509363775231215163_n-150x150.jpg?resize=1400%2C800&ssl=1 4x"},"classes":[]},{"id":8610,"url":"https:\/\/ecole-saint-joseph-44690.fr\/blog\/?p=8610","url_meta":{"origin":8417,"position":1},"title":"VOYAGE DES CM1\/CM2 EN ESPAGNE","author":"S\u00e9bastien JACOB","date":"30 mars 2025","format":false,"excerpt":"Les \u00e9l\u00e8ves de CM1 et CM2 se sont envol\u00e9s vers la ville de Los Corrales de Buelna, en Espagne, jumel\u00e9e avec la Haye Fouassi\u00e8re. ( https:\/\/www.facebook.com\/jumelage.lhf.lcdb )1er jour Apr\u00e8s un long temps de jeux dehors \u00e0 profiter du soleil et du paysage, premier temps de veill\u00e9e pour les \u00e9l\u00e8ves.2eme jour\u2026","rel":"","context":"Dans &quot;CM1&quot;","block_context":{"text":"CM1","link":"https:\/\/ecole-saint-joseph-44690.fr\/blog\/?cat=92"},"img":{"alt_text":"","src":"https:\/\/i0.wp.com\/ecole-saint-joseph-44690.fr\/blog\/wp-content\/uploads\/2025\/03\/488165733_1252816673379099_8410486082268166882_n-150x150.jpg?resize=350%2C200&ssl=1","width":350,"height":200,"srcset":"https:\/\/i0.wp.com\/ecole-saint-joseph-44690.fr\/blog\/wp-content\/uploads\/2025\/03\/488165733_1252816673379099_8410486082268166882_n-150x150.jpg?resize=350%2C200&ssl=1 1x, https:\/\/i0.wp.com\/ecole-saint-joseph-44690.fr\/blog\/wp-content\/uploads\/2025\/03\/488165733_1252816673379099_8410486082268166882_n-150x150.jpg?resize=525%2C300&ssl=1 1.5x, https:\/\/i0.wp.com\/ecole-saint-joseph-44690.fr\/blog\/wp-content\/uploads\/2025\/03\/488165733_1252816673379099_8410486082268166882_n-150x150.jpg?resize=700%2C400&ssl=1 2x, https:\/\/i0.wp.com\/ecole-saint-joseph-44690.fr\/blog\/wp-content\/uploads\/2025\/03\/488165733_1252816673379099_8410486082268166882_n-150x150.jpg?resize=1050%2C600&ssl=1 3x, https:\/\/i0.wp.com\/ecole-saint-joseph-44690.fr\/blog\/wp-content\/uploads\/2025\/03\/488165733_1252816673379099_8410486082268166882_n-150x150.jpg?resize=1400%2C800&ssl=1 4x"},"classes":[]},{"id":8289,"url":"https:\/\/ecole-saint-joseph-44690.fr\/blog\/?p=8289","url_meta":{"origin":8417,"position":2},"title":"VOYAGE EN NORMANDIE","author":"S\u00e9bastien JACOB","date":"18 mai 2023","format":false,"excerpt":"Les \u00e9l\u00e8ves de CM1 et de CM2 sont partis 3 jours en Normandie.Au programme, d\u00e9couverte de le char \u00e0 voile, les batteries allemandes de Longues sur Mer, pique nique \u00e0 Omaha Beach puis d\u00e9couverte d'un cimeti\u00e8re am\u00e9ricain.","rel":"","context":"Dans &quot;CM1&quot;","block_context":{"text":"CM1","link":"https:\/\/ecole-saint-joseph-44690.fr\/blog\/?cat=92"},"img":{"alt_text":"","src":"https:\/\/i0.wp.com\/ecole-saint-joseph-44690.fr\/blog\/wp-content\/uploads\/2023\/06\/345031067_963168271372378_259408839792834165_n-150x150.jpg?resize=350%2C200&ssl=1","width":350,"height":200,"srcset":"https:\/\/i0.wp.com\/ecole-saint-joseph-44690.fr\/blog\/wp-content\/uploads\/2023\/06\/345031067_963168271372378_259408839792834165_n-150x150.jpg?resize=350%2C200&ssl=1 1x, https:\/\/i0.wp.com\/ecole-saint-joseph-44690.fr\/blog\/wp-content\/uploads\/2023\/06\/345031067_963168271372378_259408839792834165_n-150x150.jpg?resize=525%2C300&ssl=1 1.5x, https:\/\/i0.wp.com\/ecole-saint-joseph-44690.fr\/blog\/wp-content\/uploads\/2023\/06\/345031067_963168271372378_259408839792834165_n-150x150.jpg?resize=700%2C400&ssl=1 2x"},"classes":[]},{"id":8440,"url":"https:\/\/ecole-saint-joseph-44690.fr\/blog\/?p=8440","url_meta":{"origin":8417,"position":3},"title":"C\u00c9R\u00c9MONIE DE LA FLAMME","author":"S\u00e9bastien JACOB","date":"12 octobre 2023","format":false,"excerpt":"Une flamme, symbolisant la flamme olympique, est partie de notre \u00e9cole aujourd'hui vers la Chapelle Heulin. Sur un relais de presque 9km les \u00e9l\u00e8ves des classes de CM ont \u00e9t\u00e9 accompagn\u00e9 par des \u00e9l\u00e8ves du coll\u00e8ge St Gabriel et du lyc\u00e9e de Briac\u00e9. Les \u00e9l\u00e8ves ont profit\u00e9 de l'occasion pour\u2026","rel":"","context":"Dans &quot;CE1&quot;","block_context":{"text":"CE1","link":"https:\/\/ecole-saint-joseph-44690.fr\/blog\/?cat=90"},"img":{"alt_text":"","src":"https:\/\/i0.wp.com\/ecole-saint-joseph-44690.fr\/blog\/wp-content\/uploads\/2023\/10\/image-12.png?resize=350%2C200&ssl=1","width":350,"height":200,"srcset":"https:\/\/i0.wp.com\/ecole-saint-joseph-44690.fr\/blog\/wp-content\/uploads\/2023\/10\/image-12.png?resize=350%2C200&ssl=1 1x, https:\/\/i0.wp.com\/ecole-saint-joseph-44690.fr\/blog\/wp-content\/uploads\/2023\/10\/image-12.png?resize=525%2C300&ssl=1 1.5x, https:\/\/i0.wp.com\/ecole-saint-joseph-44690.fr\/blog\/wp-content\/uploads\/2023\/10\/image-12.png?resize=700%2C400&ssl=1 2x"},"classes":[]},{"id":8196,"url":"https:\/\/ecole-saint-joseph-44690.fr\/blog\/?p=8196","url_meta":{"origin":8417,"position":4},"title":"Recette de cuisine en anglais CM1 et CM2","author":"S\u00e9bastien JACOB","date":"27 janvier 2023","format":false,"excerpt":"Jeudi 27 janvier midi, quelques \u00e9l\u00e8ves ont r\u00e9alis\u00e9 une recette de cuisine que nous vous partageons en anglais. Ceci s'inscrit dans le\u00a0 cadre de la promotion\u00a0 de l'anglais \u00e0 l'\u00e9cole avec la participation d'Angelina (Service civique). Merci \u00e0 Angelina qui a r\u00e9alis\u00e9 les vid\u00e9o.\u00a0 La recette du salami au chocolat\u2026","rel":"","context":"Dans &quot;CM1&quot;","block_context":{"text":"CM1","link":"https:\/\/ecole-saint-joseph-44690.fr\/blog\/?cat=92"},"img":{"alt_text":"","src":"","width":0,"height":0},"classes":[]},{"id":8115,"url":"https:\/\/ecole-saint-joseph-44690.fr\/blog\/?p=8115","url_meta":{"origin":8417,"position":5},"title":"Visite de la cuisine centrale CONVIVIO au lyc\u00e9e Charles PEGUY (Gorges)","author":"B\u00e9atrice Josse","date":"5 d\u00e9cembre 2022","format":false,"excerpt":"Les d\u00e9l\u00e9gu\u00e9s des classes primaires se sont rendus \u00e0 la cuisine centrale de Charles P\u00e9guy, le mardi 22 novembre 2022. Ils ont rencontr\u00e9 le chef cuisinier Stephen MEIGNEN. D'autres rencontres auront lieu dans l'ann\u00e9e (22 mars et 30 mai 2023). Des parents d'\u00e9l\u00e8ves accompagnaient la sortie. Une commission cantine se\u2026","rel":"","context":"Dans &quot;G\u00e9n\u00e9ral&quot;","block_context":{"text":"G\u00e9n\u00e9ral","link":"https:\/\/ecole-saint-joseph-44690.fr\/blog\/?cat=1"},"img":{"alt_text":"","src":"https:\/\/i0.wp.com\/ecole-saint-joseph-44690.fr\/blog\/wp-content\/uploads\/2022\/12\/UNADJUSTEDNONRAW_thumb_47d0.jpg?resize=350%2C200&ssl=1","width":350,"height":200,"srcset":"https:\/\/i0.wp.com\/ecole-saint-joseph-44690.fr\/blog\/wp-content\/uploads\/2022\/12\/UNADJUSTEDNONRAW_thumb_47d0.jpg?resize=350%2C200&ssl=1 1x, https:\/\/i0.wp.com\/ecole-saint-joseph-44690.fr\/blog\/wp-content\/uploads\/2022\/12\/UNADJUSTEDNONRAW_thumb_47d0.jpg?resize=525%2C300&ssl=1 1.5x, https:\/\/i0.wp.com\/ecole-saint-joseph-44690.fr\/blog\/wp-content\/uploads\/2022\/12\/UNADJUSTEDNONRAW_thumb_47d0.jpg?resize=700%2C400&ssl=1 2x"},"classes":[]}],"_links":{"self":[{"href":"https:\/\/ecole-saint-joseph-44690.fr\/blog\/index.php?rest_route=\/wp\/v2\/posts\/8417","targetHints":{"allow":["GET"]}}],"collection":[{"href":"https:\/\/ecole-saint-joseph-44690.fr\/blog\/index.php?rest_route=\/wp\/v2\/posts"}],"about":[{"href":"https:\/\/ecole-saint-joseph-44690.fr\/blog\/index.php?rest_route=\/wp\/v2\/types\/post"}],"author":[{"embeddable":true,"href":"https:\/\/ecole-saint-joseph-44690.fr\/blog\/index.php?rest_route=\/wp\/v2\/users\/4"}],"replies":[{"embeddable":true,"href":"https:\/\/ecole-saint-joseph-44690.fr\/blog\/index.php?rest_route=%2Fwp%2Fv2%2Fcomments&post=8417"}],"version-history":[{"count":1,"href":"https:\/\/ecole-saint-joseph-44690.fr\/blog\/index.php?rest_route=\/wp\/v2\/posts\/8417\/revisions"}],"predecessor-version":[{"id":8419,"href":"https:\/\/ecole-saint-joseph-44690.fr\/blog\/index.php?rest_route=\/wp\/v2\/posts\/8417\/revisions\/8419"}],"wp:attachment":[{"href":"https:\/\/ecole-saint-joseph-44690.fr\/blog\/index.php?rest_route=%2Fwp%2Fv2%2Fmedia&parent=8417"}],"wp:term":[{"taxonomy":"category","embeddable":true,"href":"https:\/\/ecole-saint-joseph-44690.fr\/blog\/index.php?rest_route=%2Fwp%2Fv2%2Fcategories&post=8417"},{"taxonomy":"post_tag","embeddable":true,"href":"https:\/\/ecole-saint-joseph-44690.fr\/blog\/index.php?rest_route=%2Fwp%2Fv2%2Ftags&post=8417"}],"curies":[{"name":"wp","href":"https:\/\/api.w.org\/{rel}","templated":true}]}}