{"id":8398,"date":"2023-06-23T18:00:00","date_gmt":"2023-06-23T16:00:00","guid":{"rendered":"https:\/\/ecole-saint-joseph-44690.fr\/blog\/?p=8398"},"modified":"2023-07-04T10:17:16","modified_gmt":"2023-07-04T08:17:16","slug":"depart-de-joris","status":"publish","type":"post","link":"https:\/\/ecole-saint-joseph-44690.fr\/blog\/?p=8398","title":{"rendered":"D\u00c9PART DE JORIS"},"content":{"rendered":"\n<p>Joris, l&rsquo;animateur sportif appartenant au club de handball de Clisson, a \u00e9t\u00e9 vivement remerci\u00e9 par les enfants et l\u2019\u00e9quipe pour la belle ann\u00e9e sportive qu&rsquo;il a anim\u00e9 au sein de l&rsquo;\u00e9cole.<\/p>\n\n\n\n<figure class=\"wp-block-image size-full\"><a href=\"https:\/\/ecole-saint-joseph-44690.fr\/blog\/wp-content\/uploads\/2023\/07\/355841438_784784316849006_5642297513928595046_n.jpg\"><img loading=\"lazy\" decoding=\"async\" width=\"1024\" height=\"768\" data-attachment-id=\"8399\" data-permalink=\"https:\/\/ecole-saint-joseph-44690.fr\/blog\/?attachment_id=8399\" data-orig-file=\"https:\/\/ecole-saint-joseph-44690.fr\/blog\/wp-content\/uploads\/2023\/07\/355841438_784784316849006_5642297513928595046_n.jpg\" data-orig-size=\"1024,768\" data-comments-opened=\"1\" data-image-meta=\"{&quot;aperture&quot;:&quot;0&quot;,&quot;credit&quot;:&quot;&quot;,&quot;camera&quot;:&quot;&quot;,&quot;caption&quot;:&quot;&quot;,&quot;created_timestamp&quot;:&quot;0&quot;,&quot;copyright&quot;:&quot;&quot;,&quot;focal_length&quot;:&quot;0&quot;,&quot;iso&quot;:&quot;0&quot;,&quot;shutter_speed&quot;:&quot;0&quot;,&quot;title&quot;:&quot;&quot;,&quot;orientation&quot;:&quot;0&quot;}\" data-image-title=\"355841438_784784316849006_5642297513928595046_n\" data-image-description=\"\" data-image-caption=\"\" data-large-file=\"https:\/\/ecole-saint-joseph-44690.fr\/blog\/wp-content\/uploads\/2023\/07\/355841438_784784316849006_5642297513928595046_n.jpg\" src=\"https:\/\/ecole-saint-joseph-44690.fr\/blog\/wp-content\/uploads\/2023\/07\/355841438_784784316849006_5642297513928595046_n.jpg\" alt=\"\" class=\"wp-image-8399\" srcset=\"https:\/\/ecole-saint-joseph-44690.fr\/blog\/wp-content\/uploads\/2023\/07\/355841438_784784316849006_5642297513928595046_n.jpg 1024w, https:\/\/ecole-saint-joseph-44690.fr\/blog\/wp-content\/uploads\/2023\/07\/355841438_784784316849006_5642297513928595046_n-300x225.jpg 300w, https:\/\/ecole-saint-joseph-44690.fr\/blog\/wp-content\/uploads\/2023\/07\/355841438_784784316849006_5642297513928595046_n-768x576.jpg 768w\" sizes=\"auto, (max-width: 1024px) 100vw, 1024px\" \/><\/a><\/figure>\n\n\n\n<figure class=\"wp-block-image size-full\"><a href=\"https:\/\/ecole-saint-joseph-44690.fr\/blog\/wp-content\/uploads\/2023\/07\/356031484_784784293515675_4225434803161819069_n.jpg\"><img loading=\"lazy\" decoding=\"async\" width=\"1024\" height=\"768\" data-attachment-id=\"8400\" data-permalink=\"https:\/\/ecole-saint-joseph-44690.fr\/blog\/?attachment_id=8400\" data-orig-file=\"https:\/\/ecole-saint-joseph-44690.fr\/blog\/wp-content\/uploads\/2023\/07\/356031484_784784293515675_4225434803161819069_n.jpg\" data-orig-size=\"1024,768\" data-comments-opened=\"1\" data-image-meta=\"{&quot;aperture&quot;:&quot;0&quot;,&quot;credit&quot;:&quot;&quot;,&quot;camera&quot;:&quot;&quot;,&quot;caption&quot;:&quot;&quot;,&quot;created_timestamp&quot;:&quot;0&quot;,&quot;copyright&quot;:&quot;&quot;,&quot;focal_length&quot;:&quot;0&quot;,&quot;iso&quot;:&quot;0&quot;,&quot;shutter_speed&quot;:&quot;0&quot;,&quot;title&quot;:&quot;&quot;,&quot;orientation&quot;:&quot;0&quot;}\" data-image-title=\"356031484_784784293515675_4225434803161819069_n\" data-image-description=\"\" data-image-caption=\"\" data-large-file=\"https:\/\/ecole-saint-joseph-44690.fr\/blog\/wp-content\/uploads\/2023\/07\/356031484_784784293515675_4225434803161819069_n.jpg\" src=\"https:\/\/ecole-saint-joseph-44690.fr\/blog\/wp-content\/uploads\/2023\/07\/356031484_784784293515675_4225434803161819069_n.jpg\" alt=\"\" class=\"wp-image-8400\" srcset=\"https:\/\/ecole-saint-joseph-44690.fr\/blog\/wp-content\/uploads\/2023\/07\/356031484_784784293515675_4225434803161819069_n.jpg 1024w, https:\/\/ecole-saint-joseph-44690.fr\/blog\/wp-content\/uploads\/2023\/07\/356031484_784784293515675_4225434803161819069_n-300x225.jpg 300w, https:\/\/ecole-saint-joseph-44690.fr\/blog\/wp-content\/uploads\/2023\/07\/356031484_784784293515675_4225434803161819069_n-768x576.jpg 768w\" sizes=\"auto, (max-width: 1024px) 100vw, 1024px\" \/><\/a><\/figure>\n\n\n\n<figure class=\"wp-block-image size-full\"><a href=\"https:\/\/ecole-saint-joseph-44690.fr\/blog\/wp-content\/uploads\/2023\/07\/356233347_784784260182345_385945710263339196_n.jpg\"><img loading=\"lazy\" decoding=\"async\" width=\"1024\" height=\"768\" data-attachment-id=\"8401\" data-permalink=\"https:\/\/ecole-saint-joseph-44690.fr\/blog\/?attachment_id=8401\" data-orig-file=\"https:\/\/ecole-saint-joseph-44690.fr\/blog\/wp-content\/uploads\/2023\/07\/356233347_784784260182345_385945710263339196_n.jpg\" data-orig-size=\"1024,768\" data-comments-opened=\"1\" data-image-meta=\"{&quot;aperture&quot;:&quot;0&quot;,&quot;credit&quot;:&quot;&quot;,&quot;camera&quot;:&quot;&quot;,&quot;caption&quot;:&quot;&quot;,&quot;created_timestamp&quot;:&quot;0&quot;,&quot;copyright&quot;:&quot;&quot;,&quot;focal_length&quot;:&quot;0&quot;,&quot;iso&quot;:&quot;0&quot;,&quot;shutter_speed&quot;:&quot;0&quot;,&quot;title&quot;:&quot;&quot;,&quot;orientation&quot;:&quot;0&quot;}\" data-image-title=\"356233347_784784260182345_385945710263339196_n\" data-image-description=\"\" data-image-caption=\"\" data-large-file=\"https:\/\/ecole-saint-joseph-44690.fr\/blog\/wp-content\/uploads\/2023\/07\/356233347_784784260182345_385945710263339196_n.jpg\" src=\"https:\/\/ecole-saint-joseph-44690.fr\/blog\/wp-content\/uploads\/2023\/07\/356233347_784784260182345_385945710263339196_n.jpg\" alt=\"\" class=\"wp-image-8401\" srcset=\"https:\/\/ecole-saint-joseph-44690.fr\/blog\/wp-content\/uploads\/2023\/07\/356233347_784784260182345_385945710263339196_n.jpg 1024w, https:\/\/ecole-saint-joseph-44690.fr\/blog\/wp-content\/uploads\/2023\/07\/356233347_784784260182345_385945710263339196_n-300x225.jpg 300w, https:\/\/ecole-saint-joseph-44690.fr\/blog\/wp-content\/uploads\/2023\/07\/356233347_784784260182345_385945710263339196_n-768x576.jpg 768w\" sizes=\"auto, (max-width: 1024px) 100vw, 1024px\" \/><\/a><\/figure>\n\n\n\n<figure class=\"wp-block-image size-full\"><a href=\"https:\/\/ecole-saint-joseph-44690.fr\/blog\/wp-content\/uploads\/2023\/07\/356387145_784784126849025_1657325291774888248_n.jpg\"><img loading=\"lazy\" decoding=\"async\" width=\"960\" height=\"720\" data-attachment-id=\"8402\" data-permalink=\"https:\/\/ecole-saint-joseph-44690.fr\/blog\/?attachment_id=8402\" data-orig-file=\"https:\/\/ecole-saint-joseph-44690.fr\/blog\/wp-content\/uploads\/2023\/07\/356387145_784784126849025_1657325291774888248_n.jpg\" data-orig-size=\"960,720\" data-comments-opened=\"1\" data-image-meta=\"{&quot;aperture&quot;:&quot;0&quot;,&quot;credit&quot;:&quot;&quot;,&quot;camera&quot;:&quot;&quot;,&quot;caption&quot;:&quot;&quot;,&quot;created_timestamp&quot;:&quot;0&quot;,&quot;copyright&quot;:&quot;&quot;,&quot;focal_length&quot;:&quot;0&quot;,&quot;iso&quot;:&quot;0&quot;,&quot;shutter_speed&quot;:&quot;0&quot;,&quot;title&quot;:&quot;&quot;,&quot;orientation&quot;:&quot;0&quot;}\" data-image-title=\"356387145_784784126849025_1657325291774888248_n\" data-image-description=\"\" data-image-caption=\"\" data-large-file=\"https:\/\/ecole-saint-joseph-44690.fr\/blog\/wp-content\/uploads\/2023\/07\/356387145_784784126849025_1657325291774888248_n.jpg\" src=\"https:\/\/ecole-saint-joseph-44690.fr\/blog\/wp-content\/uploads\/2023\/07\/356387145_784784126849025_1657325291774888248_n.jpg\" alt=\"\" class=\"wp-image-8402\" srcset=\"https:\/\/ecole-saint-joseph-44690.fr\/blog\/wp-content\/uploads\/2023\/07\/356387145_784784126849025_1657325291774888248_n.jpg 960w, https:\/\/ecole-saint-joseph-44690.fr\/blog\/wp-content\/uploads\/2023\/07\/356387145_784784126849025_1657325291774888248_n-300x225.jpg 300w, https:\/\/ecole-saint-joseph-44690.fr\/blog\/wp-content\/uploads\/2023\/07\/356387145_784784126849025_1657325291774888248_n-768x576.jpg 768w\" sizes=\"auto, (max-width: 960px) 100vw, 960px\" \/><\/a><\/figure>\n","protected":false},"excerpt":{"rendered":"<p>Joris, l&rsquo;animateur sportif appartenant au club de handball de Clisson, a \u00e9t\u00e9 vivement remerci\u00e9 par les enfants et l\u2019\u00e9quipe pour la belle ann\u00e9e sportive qu&rsquo;il a anim\u00e9 au sein de l&rsquo;\u00e9cole.<\/p>\n","protected":false},"author":4,"featured_media":0,"comment_status":"open","ping_status":"open","sticky":false,"template":"","format":"standard","meta":{"jetpack_post_was_ever_published":false,"_jetpack_newsletter_access":"","_jetpack_dont_email_post_to_subs":false,"_jetpack_newsletter_tier_id":0,"_jetpack_memberships_contains_paywalled_content":false,"_jetpack_memberships_contains_paid_content":false,"footnotes":"","jetpack_publicize_message":"","jetpack_publicize_feature_enabled":true,"jetpack_social_post_already_shared":true,"jetpack_social_options":{"image_generator_settings":{"template":"highway","default_image_id":0,"font":"","enabled":false},"version":2}},"categories":[11],"tags":[],"class_list":["post-8398","post","type-post","status-publish","format-standard","hentry","category-ecole"],"jetpack_publicize_connections":[],"jetpack_featured_media_url":"","jetpack_sharing_enabled":true,"jetpack_shortlink":"https:\/\/wp.me\/p5G85k-2bs","jetpack_likes_enabled":true,"jetpack-related-posts":[{"id":8247,"url":"https:\/\/ecole-saint-joseph-44690.fr\/blog\/?p=8247","url_meta":{"origin":8398,"position":0},"title":"Initiation au langage des signes aux \u00e9l\u00e8ves de CE1\/CE2 par les lyc\u00e9ens de Charles Peguy .","author":"S\u00e9bastien JACOB","date":"7 juin 2023","format":false,"excerpt":"Le mardi 06 juin , les \u00e9l\u00e8ves ont appris l\u2019alphabet, leur pr\u00e9nom et des expressions courantes.Cette initiation sera propos\u00e9e \u00e0 tous l\u2019ann\u00e9e prochaine.","rel":"","context":"Dans &quot;CE1&quot;","block_context":{"text":"CE1","link":"https:\/\/ecole-saint-joseph-44690.fr\/blog\/?cat=90"},"img":{"alt_text":"","src":"https:\/\/i0.wp.com\/ecole-saint-joseph-44690.fr\/blog\/wp-content\/uploads\/2023\/06\/WhatsApp-Image-2023-06-07-at-08.11.25-150x150.jpeg?resize=350%2C200&ssl=1","width":350,"height":200,"srcset":"https:\/\/i0.wp.com\/ecole-saint-joseph-44690.fr\/blog\/wp-content\/uploads\/2023\/06\/WhatsApp-Image-2023-06-07-at-08.11.25-150x150.jpeg?resize=350%2C200&ssl=1 1x, https:\/\/i0.wp.com\/ecole-saint-joseph-44690.fr\/blog\/wp-content\/uploads\/2023\/06\/WhatsApp-Image-2023-06-07-at-08.11.25-150x150.jpeg?resize=525%2C300&ssl=1 1.5x, https:\/\/i0.wp.com\/ecole-saint-joseph-44690.fr\/blog\/wp-content\/uploads\/2023\/06\/WhatsApp-Image-2023-06-07-at-08.11.25-150x150.jpeg?resize=700%2C400&ssl=1 2x"},"classes":[]},{"id":8115,"url":"https:\/\/ecole-saint-joseph-44690.fr\/blog\/?p=8115","url_meta":{"origin":8398,"position":1},"title":"Visite de la cuisine centrale CONVIVIO au lyc\u00e9e Charles PEGUY (Gorges)","author":"B\u00e9atrice Josse","date":"5 d\u00e9cembre 2022","format":false,"excerpt":"Les d\u00e9l\u00e9gu\u00e9s des classes primaires se sont rendus \u00e0 la cuisine centrale de Charles P\u00e9guy, le mardi 22 novembre 2022. Ils ont rencontr\u00e9 le chef cuisinier Stephen MEIGNEN. D'autres rencontres auront lieu dans l'ann\u00e9e (22 mars et 30 mai 2023). Des parents d'\u00e9l\u00e8ves accompagnaient la sortie. Une commission cantine se\u2026","rel":"","context":"Dans &quot;G\u00e9n\u00e9ral&quot;","block_context":{"text":"G\u00e9n\u00e9ral","link":"https:\/\/ecole-saint-joseph-44690.fr\/blog\/?cat=1"},"img":{"alt_text":"","src":"https:\/\/i0.wp.com\/ecole-saint-joseph-44690.fr\/blog\/wp-content\/uploads\/2022\/12\/UNADJUSTEDNONRAW_thumb_47d0.jpg?resize=350%2C200&ssl=1","width":350,"height":200,"srcset":"https:\/\/i0.wp.com\/ecole-saint-joseph-44690.fr\/blog\/wp-content\/uploads\/2022\/12\/UNADJUSTEDNONRAW_thumb_47d0.jpg?resize=350%2C200&ssl=1 1x, https:\/\/i0.wp.com\/ecole-saint-joseph-44690.fr\/blog\/wp-content\/uploads\/2022\/12\/UNADJUSTEDNONRAW_thumb_47d0.jpg?resize=525%2C300&ssl=1 1.5x, https:\/\/i0.wp.com\/ecole-saint-joseph-44690.fr\/blog\/wp-content\/uploads\/2022\/12\/UNADJUSTEDNONRAW_thumb_47d0.jpg?resize=700%2C400&ssl=1 2x"},"classes":[]},{"id":8196,"url":"https:\/\/ecole-saint-joseph-44690.fr\/blog\/?p=8196","url_meta":{"origin":8398,"position":2},"title":"Recette de cuisine en anglais CM1 et CM2","author":"S\u00e9bastien JACOB","date":"27 janvier 2023","format":false,"excerpt":"Jeudi 27 janvier midi, quelques \u00e9l\u00e8ves ont r\u00e9alis\u00e9 une recette de cuisine que nous vous partageons en anglais. Ceci s'inscrit dans le\u00a0 cadre de la promotion\u00a0 de l'anglais \u00e0 l'\u00e9cole avec la participation d'Angelina (Service civique). Merci \u00e0 Angelina qui a r\u00e9alis\u00e9 les vid\u00e9o.\u00a0 La recette du salami au chocolat\u2026","rel":"","context":"Dans &quot;CM1&quot;","block_context":{"text":"CM1","link":"https:\/\/ecole-saint-joseph-44690.fr\/blog\/?cat=92"},"img":{"alt_text":"","src":"","width":0,"height":0},"classes":[]},{"id":8090,"url":"https:\/\/ecole-saint-joseph-44690.fr\/blog\/?p=8090","url_meta":{"origin":8398,"position":3},"title":"KERMESSE","author":"Pauline Vannier","date":"4 juillet 2022","format":false,"excerpt":"Apr\u00e8s deux ans d'absence, dimanche dernier marquait le retour de la kermesse de l'\u00e9cole au Moulin des Landes. Un \u00e9v\u00e9nement tr\u00e8s attendu par les petits mais aussi les grands ! Au programme : moules-frites, p\u00eache aux canards, bowling, tatouages, ch\u00e2teaux gonflables...et bien s\u00fbr les danses propos\u00e9es par l'\u00e9quipe enseignante et\u2026","rel":"","context":"Dans &quot;APEL&quot;","block_context":{"text":"APEL","link":"https:\/\/ecole-saint-joseph-44690.fr\/blog\/?cat=42"},"img":{"alt_text":"","src":"","width":0,"height":0},"classes":[]},{"id":8620,"url":"https:\/\/ecole-saint-joseph-44690.fr\/blog\/?p=8620","url_meta":{"origin":8398,"position":4},"title":"VOYAGE EN ESPAGNE 2025 (jours 3 4 5)","author":"S\u00e9bastien JACOB","date":"2 avril 2025","format":false,"excerpt":"Jour3:Les \u00e9l\u00e8ves ont d\u00e9couvert l'\u00e9cole de Los Corrales de Buelna. Puis ils ont eu une visite guid\u00e9e de la ville, par des \u00e9l\u00e8ves espagnols de 6e. Pique nique et apr\u00e8s midi \u00e0 Comillas pour visiter \u00able caprice de Gaud\u00ed \u00bb, c\u2019\u00e9tait sublime ! Les enfants ont aussi eu la chance\u2026","rel":"","context":"Dans &quot;CM1&quot;","block_context":{"text":"CM1","link":"https:\/\/ecole-saint-joseph-44690.fr\/blog\/?cat=92"},"img":{"alt_text":"","src":"https:\/\/i0.wp.com\/ecole-saint-joseph-44690.fr\/blog\/wp-content\/uploads\/2025\/04\/488268890_1254961133164653_3509363775231215163_n-150x150.jpg?resize=350%2C200&ssl=1","width":350,"height":200,"srcset":"https:\/\/i0.wp.com\/ecole-saint-joseph-44690.fr\/blog\/wp-content\/uploads\/2025\/04\/488268890_1254961133164653_3509363775231215163_n-150x150.jpg?resize=350%2C200&ssl=1 1x, https:\/\/i0.wp.com\/ecole-saint-joseph-44690.fr\/blog\/wp-content\/uploads\/2025\/04\/488268890_1254961133164653_3509363775231215163_n-150x150.jpg?resize=525%2C300&ssl=1 1.5x, https:\/\/i0.wp.com\/ecole-saint-joseph-44690.fr\/blog\/wp-content\/uploads\/2025\/04\/488268890_1254961133164653_3509363775231215163_n-150x150.jpg?resize=700%2C400&ssl=1 2x, https:\/\/i0.wp.com\/ecole-saint-joseph-44690.fr\/blog\/wp-content\/uploads\/2025\/04\/488268890_1254961133164653_3509363775231215163_n-150x150.jpg?resize=1050%2C600&ssl=1 3x, https:\/\/i0.wp.com\/ecole-saint-joseph-44690.fr\/blog\/wp-content\/uploads\/2025\/04\/488268890_1254961133164653_3509363775231215163_n-150x150.jpg?resize=1400%2C800&ssl=1 4x"},"classes":[]},{"id":8432,"url":"https:\/\/ecole-saint-joseph-44690.fr\/blog\/?p=8432","url_meta":{"origin":8398,"position":5},"title":"CROSS inter \u00e9coles du coll\u00e8ge","author":"S\u00e9bastien JACOB","date":"29 septembre 2023","format":false,"excerpt":"Les \u00e9l\u00e8ves de CM1 et CM2 ont particip\u00e9 ce matin \u00e0 un cross au Coll\u00e8ge St Gabriel.","rel":"","context":"Dans &quot;CM1&quot;","block_context":{"text":"CM1","link":"https:\/\/ecole-saint-joseph-44690.fr\/blog\/?cat=92"},"img":{"alt_text":"","src":"https:\/\/i0.wp.com\/ecole-saint-joseph-44690.fr\/blog\/wp-content\/uploads\/2023\/10\/image-7.png?resize=350%2C200&ssl=1","width":350,"height":200,"srcset":"https:\/\/i0.wp.com\/ecole-saint-joseph-44690.fr\/blog\/wp-content\/uploads\/2023\/10\/image-7.png?resize=350%2C200&ssl=1 1x, https:\/\/i0.wp.com\/ecole-saint-joseph-44690.fr\/blog\/wp-content\/uploads\/2023\/10\/image-7.png?resize=525%2C300&ssl=1 1.5x, https:\/\/i0.wp.com\/ecole-saint-joseph-44690.fr\/blog\/wp-content\/uploads\/2023\/10\/image-7.png?resize=700%2C400&ssl=1 2x"},"classes":[]}],"_links":{"self":[{"href":"https:\/\/ecole-saint-joseph-44690.fr\/blog\/index.php?rest_route=\/wp\/v2\/posts\/8398","targetHints":{"allow":["GET"]}}],"collection":[{"href":"https:\/\/ecole-saint-joseph-44690.fr\/blog\/index.php?rest_route=\/wp\/v2\/posts"}],"about":[{"href":"https:\/\/ecole-saint-joseph-44690.fr\/blog\/index.php?rest_route=\/wp\/v2\/types\/post"}],"author":[{"embeddable":true,"href":"https:\/\/ecole-saint-joseph-44690.fr\/blog\/index.php?rest_route=\/wp\/v2\/users\/4"}],"replies":[{"embeddable":true,"href":"https:\/\/ecole-saint-joseph-44690.fr\/blog\/index.php?rest_route=%2Fwp%2Fv2%2Fcomments&post=8398"}],"version-history":[{"count":1,"href":"https:\/\/ecole-saint-joseph-44690.fr\/blog\/index.php?rest_route=\/wp\/v2\/posts\/8398\/revisions"}],"predecessor-version":[{"id":8403,"href":"https:\/\/ecole-saint-joseph-44690.fr\/blog\/index.php?rest_route=\/wp\/v2\/posts\/8398\/revisions\/8403"}],"wp:attachment":[{"href":"https:\/\/ecole-saint-joseph-44690.fr\/blog\/index.php?rest_route=%2Fwp%2Fv2%2Fmedia&parent=8398"}],"wp:term":[{"taxonomy":"category","embeddable":true,"href":"https:\/\/ecole-saint-joseph-44690.fr\/blog\/index.php?rest_route=%2Fwp%2Fv2%2Fcategories&post=8398"},{"taxonomy":"post_tag","embeddable":true,"href":"https:\/\/ecole-saint-joseph-44690.fr\/blog\/index.php?rest_route=%2Fwp%2Fv2%2Ftags&post=8398"}],"curies":[{"name":"wp","href":"https:\/\/api.w.org\/{rel}","templated":true}]}}