{"id":8365,"date":"2023-06-29T18:00:00","date_gmt":"2023-06-29T16:00:00","guid":{"rendered":"https:\/\/ecole-saint-joseph-44690.fr\/blog\/?p=8365"},"modified":"2023-07-04T10:20:51","modified_gmt":"2023-07-04T08:20:51","slug":"sortie-terra-botanica","status":"publish","type":"post","link":"https:\/\/ecole-saint-joseph-44690.fr\/blog\/?p=8365","title":{"rendered":"SORTIE TERRA BOTANICA"},"content":{"rendered":"\n<p>Les MS et GS des classes de Nathalie et Laura ont eu la chance de faire leur sortie de fin d&rsquo;ann\u00e9e \u00e0 Terra Botanica. Une tr\u00e8s belle journ\u00e9e pleine de d\u00e9couvertes !<\/p>\n\n\n\n<figure class=\"wp-block-image size-large\"><a href=\"https:\/\/ecole-saint-joseph-44690.fr\/blog\/wp-content\/uploads\/2023\/07\/352360021_790219242972180_391084950651123340_n.jpg\"><img loading=\"lazy\" decoding=\"async\" width=\"768\" height=\"1024\" data-attachment-id=\"8367\" data-permalink=\"https:\/\/ecole-saint-joseph-44690.fr\/blog\/?attachment_id=8367\" data-orig-file=\"https:\/\/ecole-saint-joseph-44690.fr\/blog\/wp-content\/uploads\/2023\/07\/352360021_790219242972180_391084950651123340_n.jpg\" data-orig-size=\"1200,1600\" data-comments-opened=\"1\" data-image-meta=\"{&quot;aperture&quot;:&quot;0&quot;,&quot;credit&quot;:&quot;&quot;,&quot;camera&quot;:&quot;&quot;,&quot;caption&quot;:&quot;&quot;,&quot;created_timestamp&quot;:&quot;0&quot;,&quot;copyright&quot;:&quot;&quot;,&quot;focal_length&quot;:&quot;0&quot;,&quot;iso&quot;:&quot;0&quot;,&quot;shutter_speed&quot;:&quot;0&quot;,&quot;title&quot;:&quot;&quot;,&quot;orientation&quot;:&quot;0&quot;}\" data-image-title=\"352360021_790219242972180_391084950651123340_n\" data-image-description=\"\" data-image-caption=\"\" data-large-file=\"https:\/\/ecole-saint-joseph-44690.fr\/blog\/wp-content\/uploads\/2023\/07\/352360021_790219242972180_391084950651123340_n-768x1024.jpg\" src=\"https:\/\/ecole-saint-joseph-44690.fr\/blog\/wp-content\/uploads\/2023\/07\/352360021_790219242972180_391084950651123340_n-768x1024.jpg\" alt=\"\" class=\"wp-image-8367\" srcset=\"https:\/\/ecole-saint-joseph-44690.fr\/blog\/wp-content\/uploads\/2023\/07\/352360021_790219242972180_391084950651123340_n-768x1024.jpg 768w, https:\/\/ecole-saint-joseph-44690.fr\/blog\/wp-content\/uploads\/2023\/07\/352360021_790219242972180_391084950651123340_n-225x300.jpg 225w, https:\/\/ecole-saint-joseph-44690.fr\/blog\/wp-content\/uploads\/2023\/07\/352360021_790219242972180_391084950651123340_n-1152x1536.jpg 1152w, https:\/\/ecole-saint-joseph-44690.fr\/blog\/wp-content\/uploads\/2023\/07\/352360021_790219242972180_391084950651123340_n.jpg 1200w\" sizes=\"auto, (max-width: 768px) 100vw, 768px\" \/><\/a><\/figure>\n\n\n\n<figure class=\"wp-block-image size-large\"><a href=\"https:\/\/ecole-saint-joseph-44690.fr\/blog\/wp-content\/uploads\/2023\/07\/350531167_790219286305509_1780862611330749960_n.jpg\"><img loading=\"lazy\" decoding=\"async\" width=\"768\" height=\"1024\" data-attachment-id=\"8368\" data-permalink=\"https:\/\/ecole-saint-joseph-44690.fr\/blog\/?attachment_id=8368\" data-orig-file=\"https:\/\/ecole-saint-joseph-44690.fr\/blog\/wp-content\/uploads\/2023\/07\/350531167_790219286305509_1780862611330749960_n.jpg\" data-orig-size=\"1200,1600\" data-comments-opened=\"1\" data-image-meta=\"{&quot;aperture&quot;:&quot;0&quot;,&quot;credit&quot;:&quot;&quot;,&quot;camera&quot;:&quot;&quot;,&quot;caption&quot;:&quot;&quot;,&quot;created_timestamp&quot;:&quot;0&quot;,&quot;copyright&quot;:&quot;&quot;,&quot;focal_length&quot;:&quot;0&quot;,&quot;iso&quot;:&quot;0&quot;,&quot;shutter_speed&quot;:&quot;0&quot;,&quot;title&quot;:&quot;&quot;,&quot;orientation&quot;:&quot;0&quot;}\" data-image-title=\"350531167_790219286305509_1780862611330749960_n\" data-image-description=\"\" data-image-caption=\"\" data-large-file=\"https:\/\/ecole-saint-joseph-44690.fr\/blog\/wp-content\/uploads\/2023\/07\/350531167_790219286305509_1780862611330749960_n-768x1024.jpg\" src=\"https:\/\/ecole-saint-joseph-44690.fr\/blog\/wp-content\/uploads\/2023\/07\/350531167_790219286305509_1780862611330749960_n-768x1024.jpg\" alt=\"\" class=\"wp-image-8368\" srcset=\"https:\/\/ecole-saint-joseph-44690.fr\/blog\/wp-content\/uploads\/2023\/07\/350531167_790219286305509_1780862611330749960_n-768x1024.jpg 768w, https:\/\/ecole-saint-joseph-44690.fr\/blog\/wp-content\/uploads\/2023\/07\/350531167_790219286305509_1780862611330749960_n-225x300.jpg 225w, https:\/\/ecole-saint-joseph-44690.fr\/blog\/wp-content\/uploads\/2023\/07\/350531167_790219286305509_1780862611330749960_n-1152x1536.jpg 1152w, https:\/\/ecole-saint-joseph-44690.fr\/blog\/wp-content\/uploads\/2023\/07\/350531167_790219286305509_1780862611330749960_n.jpg 1200w\" sizes=\"auto, (max-width: 768px) 100vw, 768px\" \/><\/a><\/figure>\n\n\n\n<figure class=\"wp-block-image size-large\"><a href=\"https:\/\/ecole-saint-joseph-44690.fr\/blog\/wp-content\/uploads\/2023\/07\/352805353_790219446305493_8112970414790059931_n.jpg\"><img loading=\"lazy\" decoding=\"async\" width=\"768\" height=\"1024\" data-attachment-id=\"8369\" data-permalink=\"https:\/\/ecole-saint-joseph-44690.fr\/blog\/?attachment_id=8369\" data-orig-file=\"https:\/\/ecole-saint-joseph-44690.fr\/blog\/wp-content\/uploads\/2023\/07\/352805353_790219446305493_8112970414790059931_n.jpg\" data-orig-size=\"1200,1600\" data-comments-opened=\"1\" data-image-meta=\"{&quot;aperture&quot;:&quot;0&quot;,&quot;credit&quot;:&quot;&quot;,&quot;camera&quot;:&quot;&quot;,&quot;caption&quot;:&quot;&quot;,&quot;created_timestamp&quot;:&quot;0&quot;,&quot;copyright&quot;:&quot;&quot;,&quot;focal_length&quot;:&quot;0&quot;,&quot;iso&quot;:&quot;0&quot;,&quot;shutter_speed&quot;:&quot;0&quot;,&quot;title&quot;:&quot;&quot;,&quot;orientation&quot;:&quot;0&quot;}\" data-image-title=\"352805353_790219446305493_8112970414790059931_n\" data-image-description=\"\" data-image-caption=\"\" data-large-file=\"https:\/\/ecole-saint-joseph-44690.fr\/blog\/wp-content\/uploads\/2023\/07\/352805353_790219446305493_8112970414790059931_n-768x1024.jpg\" src=\"https:\/\/ecole-saint-joseph-44690.fr\/blog\/wp-content\/uploads\/2023\/07\/352805353_790219446305493_8112970414790059931_n-768x1024.jpg\" alt=\"\" class=\"wp-image-8369\" srcset=\"https:\/\/ecole-saint-joseph-44690.fr\/blog\/wp-content\/uploads\/2023\/07\/352805353_790219446305493_8112970414790059931_n-768x1024.jpg 768w, https:\/\/ecole-saint-joseph-44690.fr\/blog\/wp-content\/uploads\/2023\/07\/352805353_790219446305493_8112970414790059931_n-225x300.jpg 225w, https:\/\/ecole-saint-joseph-44690.fr\/blog\/wp-content\/uploads\/2023\/07\/352805353_790219446305493_8112970414790059931_n-1152x1536.jpg 1152w, https:\/\/ecole-saint-joseph-44690.fr\/blog\/wp-content\/uploads\/2023\/07\/352805353_790219446305493_8112970414790059931_n.jpg 1200w\" sizes=\"auto, (max-width: 768px) 100vw, 768px\" \/><\/a><\/figure>\n\n\n\n<figure class=\"wp-block-image size-large\"><a href=\"https:\/\/ecole-saint-joseph-44690.fr\/blog\/wp-content\/uploads\/2023\/07\/352396745_790219956305442_3605970167204395004_n-1.jpg\"><img loading=\"lazy\" decoding=\"async\" width=\"1024\" height=\"978\" data-attachment-id=\"8370\" data-permalink=\"https:\/\/ecole-saint-joseph-44690.fr\/blog\/?attachment_id=8370\" data-orig-file=\"https:\/\/ecole-saint-joseph-44690.fr\/blog\/wp-content\/uploads\/2023\/07\/352396745_790219956305442_3605970167204395004_n-1.jpg\" data-orig-size=\"1243,1187\" data-comments-opened=\"1\" data-image-meta=\"{&quot;aperture&quot;:&quot;0&quot;,&quot;credit&quot;:&quot;&quot;,&quot;camera&quot;:&quot;&quot;,&quot;caption&quot;:&quot;&quot;,&quot;created_timestamp&quot;:&quot;0&quot;,&quot;copyright&quot;:&quot;&quot;,&quot;focal_length&quot;:&quot;0&quot;,&quot;iso&quot;:&quot;0&quot;,&quot;shutter_speed&quot;:&quot;0&quot;,&quot;title&quot;:&quot;&quot;,&quot;orientation&quot;:&quot;0&quot;}\" data-image-title=\"352396745_790219956305442_3605970167204395004_n-1\" data-image-description=\"\" data-image-caption=\"\" data-large-file=\"https:\/\/ecole-saint-joseph-44690.fr\/blog\/wp-content\/uploads\/2023\/07\/352396745_790219956305442_3605970167204395004_n-1-1024x978.jpg\" src=\"https:\/\/ecole-saint-joseph-44690.fr\/blog\/wp-content\/uploads\/2023\/07\/352396745_790219956305442_3605970167204395004_n-1-1024x978.jpg\" alt=\"\" class=\"wp-image-8370\" srcset=\"https:\/\/ecole-saint-joseph-44690.fr\/blog\/wp-content\/uploads\/2023\/07\/352396745_790219956305442_3605970167204395004_n-1-1024x978.jpg 1024w, https:\/\/ecole-saint-joseph-44690.fr\/blog\/wp-content\/uploads\/2023\/07\/352396745_790219956305442_3605970167204395004_n-1-300x286.jpg 300w, https:\/\/ecole-saint-joseph-44690.fr\/blog\/wp-content\/uploads\/2023\/07\/352396745_790219956305442_3605970167204395004_n-1-768x733.jpg 768w, https:\/\/ecole-saint-joseph-44690.fr\/blog\/wp-content\/uploads\/2023\/07\/352396745_790219956305442_3605970167204395004_n-1.jpg 1243w\" sizes=\"auto, (max-width: 1024px) 100vw, 1024px\" \/><\/a><\/figure>\n\n\n\n<figure class=\"wp-block-image size-full\"><a href=\"https:\/\/ecole-saint-joseph-44690.fr\/blog\/wp-content\/uploads\/2023\/07\/357729438_790512109609560_4700371292311407161_n.jpg\"><img loading=\"lazy\" decoding=\"async\" width=\"720\" height=\"960\" data-attachment-id=\"8371\" data-permalink=\"https:\/\/ecole-saint-joseph-44690.fr\/blog\/?attachment_id=8371\" data-orig-file=\"https:\/\/ecole-saint-joseph-44690.fr\/blog\/wp-content\/uploads\/2023\/07\/357729438_790512109609560_4700371292311407161_n.jpg\" data-orig-size=\"720,960\" data-comments-opened=\"1\" data-image-meta=\"{&quot;aperture&quot;:&quot;0&quot;,&quot;credit&quot;:&quot;&quot;,&quot;camera&quot;:&quot;&quot;,&quot;caption&quot;:&quot;&quot;,&quot;created_timestamp&quot;:&quot;0&quot;,&quot;copyright&quot;:&quot;&quot;,&quot;focal_length&quot;:&quot;0&quot;,&quot;iso&quot;:&quot;0&quot;,&quot;shutter_speed&quot;:&quot;0&quot;,&quot;title&quot;:&quot;&quot;,&quot;orientation&quot;:&quot;0&quot;}\" data-image-title=\"357729438_790512109609560_4700371292311407161_n\" data-image-description=\"\" data-image-caption=\"\" data-large-file=\"https:\/\/ecole-saint-joseph-44690.fr\/blog\/wp-content\/uploads\/2023\/07\/357729438_790512109609560_4700371292311407161_n.jpg\" src=\"https:\/\/ecole-saint-joseph-44690.fr\/blog\/wp-content\/uploads\/2023\/07\/357729438_790512109609560_4700371292311407161_n.jpg\" alt=\"\" class=\"wp-image-8371\" srcset=\"https:\/\/ecole-saint-joseph-44690.fr\/blog\/wp-content\/uploads\/2023\/07\/357729438_790512109609560_4700371292311407161_n.jpg 720w, https:\/\/ecole-saint-joseph-44690.fr\/blog\/wp-content\/uploads\/2023\/07\/357729438_790512109609560_4700371292311407161_n-225x300.jpg 225w\" sizes=\"auto, (max-width: 720px) 100vw, 720px\" \/><\/a><\/figure>\n\n\n\n<figure class=\"wp-block-image size-full\"><a href=\"https:\/\/ecole-saint-joseph-44690.fr\/blog\/wp-content\/uploads\/2023\/07\/357777247_790512329609538_4737251079117306071_n.jpg\"><img loading=\"lazy\" decoding=\"async\" width=\"768\" height=\"1024\" data-attachment-id=\"8372\" data-permalink=\"https:\/\/ecole-saint-joseph-44690.fr\/blog\/?attachment_id=8372\" data-orig-file=\"https:\/\/ecole-saint-joseph-44690.fr\/blog\/wp-content\/uploads\/2023\/07\/357777247_790512329609538_4737251079117306071_n.jpg\" data-orig-size=\"768,1024\" data-comments-opened=\"1\" data-image-meta=\"{&quot;aperture&quot;:&quot;0&quot;,&quot;credit&quot;:&quot;&quot;,&quot;camera&quot;:&quot;&quot;,&quot;caption&quot;:&quot;&quot;,&quot;created_timestamp&quot;:&quot;0&quot;,&quot;copyright&quot;:&quot;&quot;,&quot;focal_length&quot;:&quot;0&quot;,&quot;iso&quot;:&quot;0&quot;,&quot;shutter_speed&quot;:&quot;0&quot;,&quot;title&quot;:&quot;&quot;,&quot;orientation&quot;:&quot;0&quot;}\" data-image-title=\"357777247_790512329609538_4737251079117306071_n\" data-image-description=\"\" data-image-caption=\"\" data-large-file=\"https:\/\/ecole-saint-joseph-44690.fr\/blog\/wp-content\/uploads\/2023\/07\/357777247_790512329609538_4737251079117306071_n.jpg\" src=\"https:\/\/ecole-saint-joseph-44690.fr\/blog\/wp-content\/uploads\/2023\/07\/357777247_790512329609538_4737251079117306071_n.jpg\" alt=\"\" class=\"wp-image-8372\" srcset=\"https:\/\/ecole-saint-joseph-44690.fr\/blog\/wp-content\/uploads\/2023\/07\/357777247_790512329609538_4737251079117306071_n.jpg 768w, https:\/\/ecole-saint-joseph-44690.fr\/blog\/wp-content\/uploads\/2023\/07\/357777247_790512329609538_4737251079117306071_n-225x300.jpg 225w\" sizes=\"auto, (max-width: 768px) 100vw, 768px\" \/><\/a><\/figure>\n\n\n\n<figure class=\"wp-block-image size-full\"><a href=\"https:\/\/ecole-saint-joseph-44690.fr\/blog\/wp-content\/uploads\/2023\/07\/357716594_790512402942864_2157317374047308783_n.jpg\"><img loading=\"lazy\" decoding=\"async\" width=\"768\" height=\"1024\" data-attachment-id=\"8373\" data-permalink=\"https:\/\/ecole-saint-joseph-44690.fr\/blog\/?attachment_id=8373\" data-orig-file=\"https:\/\/ecole-saint-joseph-44690.fr\/blog\/wp-content\/uploads\/2023\/07\/357716594_790512402942864_2157317374047308783_n.jpg\" data-orig-size=\"768,1024\" data-comments-opened=\"1\" data-image-meta=\"{&quot;aperture&quot;:&quot;0&quot;,&quot;credit&quot;:&quot;&quot;,&quot;camera&quot;:&quot;&quot;,&quot;caption&quot;:&quot;&quot;,&quot;created_timestamp&quot;:&quot;0&quot;,&quot;copyright&quot;:&quot;&quot;,&quot;focal_length&quot;:&quot;0&quot;,&quot;iso&quot;:&quot;0&quot;,&quot;shutter_speed&quot;:&quot;0&quot;,&quot;title&quot;:&quot;&quot;,&quot;orientation&quot;:&quot;0&quot;}\" data-image-title=\"357716594_790512402942864_2157317374047308783_n\" data-image-description=\"\" data-image-caption=\"\" data-large-file=\"https:\/\/ecole-saint-joseph-44690.fr\/blog\/wp-content\/uploads\/2023\/07\/357716594_790512402942864_2157317374047308783_n.jpg\" src=\"https:\/\/ecole-saint-joseph-44690.fr\/blog\/wp-content\/uploads\/2023\/07\/357716594_790512402942864_2157317374047308783_n.jpg\" alt=\"\" class=\"wp-image-8373\" srcset=\"https:\/\/ecole-saint-joseph-44690.fr\/blog\/wp-content\/uploads\/2023\/07\/357716594_790512402942864_2157317374047308783_n.jpg 768w, https:\/\/ecole-saint-joseph-44690.fr\/blog\/wp-content\/uploads\/2023\/07\/357716594_790512402942864_2157317374047308783_n-225x300.jpg 225w\" sizes=\"auto, (max-width: 768px) 100vw, 768px\" \/><\/a><\/figure>\n\n\n\n<figure class=\"wp-block-image size-full\"><a href=\"https:\/\/ecole-saint-joseph-44690.fr\/blog\/wp-content\/uploads\/2023\/07\/357767626_790512379609533_1493884151312075704_n.jpg\"><img loading=\"lazy\" decoding=\"async\" width=\"768\" height=\"1024\" data-attachment-id=\"8374\" data-permalink=\"https:\/\/ecole-saint-joseph-44690.fr\/blog\/?attachment_id=8374\" data-orig-file=\"https:\/\/ecole-saint-joseph-44690.fr\/blog\/wp-content\/uploads\/2023\/07\/357767626_790512379609533_1493884151312075704_n.jpg\" data-orig-size=\"768,1024\" data-comments-opened=\"1\" data-image-meta=\"{&quot;aperture&quot;:&quot;0&quot;,&quot;credit&quot;:&quot;&quot;,&quot;camera&quot;:&quot;&quot;,&quot;caption&quot;:&quot;&quot;,&quot;created_timestamp&quot;:&quot;0&quot;,&quot;copyright&quot;:&quot;&quot;,&quot;focal_length&quot;:&quot;0&quot;,&quot;iso&quot;:&quot;0&quot;,&quot;shutter_speed&quot;:&quot;0&quot;,&quot;title&quot;:&quot;&quot;,&quot;orientation&quot;:&quot;0&quot;}\" data-image-title=\"357767626_790512379609533_1493884151312075704_n\" data-image-description=\"\" data-image-caption=\"\" data-large-file=\"https:\/\/ecole-saint-joseph-44690.fr\/blog\/wp-content\/uploads\/2023\/07\/357767626_790512379609533_1493884151312075704_n.jpg\" src=\"https:\/\/ecole-saint-joseph-44690.fr\/blog\/wp-content\/uploads\/2023\/07\/357767626_790512379609533_1493884151312075704_n.jpg\" alt=\"\" class=\"wp-image-8374\" srcset=\"https:\/\/ecole-saint-joseph-44690.fr\/blog\/wp-content\/uploads\/2023\/07\/357767626_790512379609533_1493884151312075704_n.jpg 768w, https:\/\/ecole-saint-joseph-44690.fr\/blog\/wp-content\/uploads\/2023\/07\/357767626_790512379609533_1493884151312075704_n-225x300.jpg 225w\" sizes=\"auto, (max-width: 768px) 100vw, 768px\" \/><\/a><\/figure>\n","protected":false},"excerpt":{"rendered":"<p>Les MS et GS des classes de Nathalie et Laura ont eu la chance de faire leur sortie de fin d&rsquo;ann\u00e9e \u00e0 Terra Botanica. Une tr\u00e8s belle journ\u00e9e pleine de d\u00e9couvertes !<\/p>\n","protected":false},"author":4,"featured_media":0,"comment_status":"open","ping_status":"open","sticky":false,"template":"","format":"standard","meta":{"jetpack_post_was_ever_published":false,"_jetpack_newsletter_access":"","_jetpack_dont_email_post_to_subs":false,"_jetpack_newsletter_tier_id":0,"_jetpack_memberships_contains_paywalled_content":false,"_jetpack_memberships_contains_paid_content":false,"footnotes":"","jetpack_publicize_message":"","jetpack_publicize_feature_enabled":true,"jetpack_social_post_already_shared":true,"jetpack_social_options":{"image_generator_settings":{"template":"highway","default_image_id":0,"font":"","enabled":false},"version":2}},"categories":[11,35,38,36],"tags":[],"class_list":["post-8365","post","type-post","status-publish","format-standard","hentry","category-ecole","category-gs","category-maternelle","category-ms"],"jetpack_publicize_connections":[],"jetpack_featured_media_url":"","jetpack_sharing_enabled":true,"jetpack_shortlink":"https:\/\/wp.me\/p5G85k-2aV","jetpack_likes_enabled":true,"jetpack-related-posts":[{"id":8277,"url":"https:\/\/ecole-saint-joseph-44690.fr\/blog\/?p=8277","url_meta":{"origin":8365,"position":0},"title":"SORTIE SCOLAIRE","author":"S\u00e9bastien JACOB","date":"15 mai 2023","format":false,"excerpt":"Les \u00e9l\u00e8ves de GS, CP, CE1 et CE2 ont profit\u00e9 d'une superbe journ\u00e9e \u00e0 T\u00e9pacap !","rel":"","context":"Dans &quot;CE1&quot;","block_context":{"text":"CE1","link":"https:\/\/ecole-saint-joseph-44690.fr\/blog\/?cat=90"},"img":{"alt_text":"","src":"https:\/\/i0.wp.com\/ecole-saint-joseph-44690.fr\/blog\/wp-content\/uploads\/2023\/06\/345312522_792724775586161_6025313720384670533_n-150x150.jpg?resize=350%2C200&ssl=1","width":350,"height":200,"srcset":"https:\/\/i0.wp.com\/ecole-saint-joseph-44690.fr\/blog\/wp-content\/uploads\/2023\/06\/345312522_792724775586161_6025313720384670533_n-150x150.jpg?resize=350%2C200&ssl=1 1x, https:\/\/i0.wp.com\/ecole-saint-joseph-44690.fr\/blog\/wp-content\/uploads\/2023\/06\/345312522_792724775586161_6025313720384670533_n-150x150.jpg?resize=525%2C300&ssl=1 1.5x, https:\/\/i0.wp.com\/ecole-saint-joseph-44690.fr\/blog\/wp-content\/uploads\/2023\/06\/345312522_792724775586161_6025313720384670533_n-150x150.jpg?resize=700%2C400&ssl=1 2x"},"classes":[]},{"id":8587,"url":"https:\/\/ecole-saint-joseph-44690.fr\/blog\/?p=8587","url_meta":{"origin":8365,"position":1},"title":"QUART D\u2019HEURE DE LECTURE","author":"S\u00e9bastien JACOB","date":"11 mars 2025","format":false,"excerpt":"Quand la m\u00e9t\u00e9o permet de vivre la journ\u00e9e nationale du 1\/4 h de lecture dehors pour les petits (\u00e9coute d\u2019histoires) et pour les grands. Ce que toutes les classes organisent tous les jours de la semaine apr\u00e8s la pause m\u00e9ridienne sans attendre cette journ\u00e9e.","rel":"","context":"Dans &quot;CE1&quot;","block_context":{"text":"CE1","link":"https:\/\/ecole-saint-joseph-44690.fr\/blog\/?cat=90"},"img":{"alt_text":"","src":"https:\/\/i0.wp.com\/ecole-saint-joseph-44690.fr\/blog\/wp-content\/uploads\/2025\/03\/image-1.png?resize=350%2C200&ssl=1","width":350,"height":200,"srcset":"https:\/\/i0.wp.com\/ecole-saint-joseph-44690.fr\/blog\/wp-content\/uploads\/2025\/03\/image-1.png?resize=350%2C200&ssl=1 1x, https:\/\/i0.wp.com\/ecole-saint-joseph-44690.fr\/blog\/wp-content\/uploads\/2025\/03\/image-1.png?resize=525%2C300&ssl=1 1.5x, https:\/\/i0.wp.com\/ecole-saint-joseph-44690.fr\/blog\/wp-content\/uploads\/2025\/03\/image-1.png?resize=700%2C400&ssl=1 2x, https:\/\/i0.wp.com\/ecole-saint-joseph-44690.fr\/blog\/wp-content\/uploads\/2025\/03\/image-1.png?resize=1050%2C600&ssl=1 3x"},"classes":[]},{"id":8690,"url":"https:\/\/ecole-saint-joseph-44690.fr\/blog\/?p=8690","url_meta":{"origin":8365,"position":2},"title":"PORTES OUVERTES samedi 10 janvier 2026 de 10h \u00e0 12h","author":"S\u00e9bastien JACOB","date":"29 d\u00e9cembre 2025","format":false,"excerpt":"\u00a0\u00e0 vos agendas !Les portes ouvertes de l\u2019\u00e9cole auront lieu\u00a0le samedi 10 janvier 2026 de 10h \u00e0 12h,\u00a0venez visiter l\u2019\u00e9cole, rencontrer les enseignantes et les membres de l\u2019APEL. Nous vous esp\u00e9rons nombreux \u00e0 d\u00e9couvrir nos fonctionnements de classe avec vos enfants.","rel":"","context":"Dans &quot;CE1&quot;","block_context":{"text":"CE1","link":"https:\/\/ecole-saint-joseph-44690.fr\/blog\/?cat=90"},"img":{"alt_text":"","src":"https:\/\/i0.wp.com\/ecole-saint-joseph-44690.fr\/blog\/wp-content\/uploads\/2025\/12\/JPO-ecole_affiche_Plan-de-travail-1-1.jpg?resize=350%2C200&ssl=1","width":350,"height":200,"srcset":"https:\/\/i0.wp.com\/ecole-saint-joseph-44690.fr\/blog\/wp-content\/uploads\/2025\/12\/JPO-ecole_affiche_Plan-de-travail-1-1.jpg?resize=350%2C200&ssl=1 1x, https:\/\/i0.wp.com\/ecole-saint-joseph-44690.fr\/blog\/wp-content\/uploads\/2025\/12\/JPO-ecole_affiche_Plan-de-travail-1-1.jpg?resize=525%2C300&ssl=1 1.5x, https:\/\/i0.wp.com\/ecole-saint-joseph-44690.fr\/blog\/wp-content\/uploads\/2025\/12\/JPO-ecole_affiche_Plan-de-travail-1-1.jpg?resize=700%2C400&ssl=1 2x, https:\/\/i0.wp.com\/ecole-saint-joseph-44690.fr\/blog\/wp-content\/uploads\/2025\/12\/JPO-ecole_affiche_Plan-de-travail-1-1.jpg?resize=1050%2C600&ssl=1 3x, https:\/\/i0.wp.com\/ecole-saint-joseph-44690.fr\/blog\/wp-content\/uploads\/2025\/12\/JPO-ecole_affiche_Plan-de-travail-1-1.jpg?resize=1400%2C800&ssl=1 4x"},"classes":[]},{"id":8424,"url":"https:\/\/ecole-saint-joseph-44690.fr\/blog\/?p=8424","url_meta":{"origin":8365,"position":3},"title":"FETE DE LA RENTREE 2023\/24","author":"S\u00e9bastien JACOB","date":"22 septembre 2023","format":false,"excerpt":"Une belle f\u00eate de la rentr\u00e9e, \u00e0 la fin de la c\u00e9l\u00e9bration, les enfants ont r\u00e9alis\u00e9 un vitrail qui restera expos\u00e9 \u00e0 la cantine toute l'ann\u00e9e. Les nouvelles familles ont \u00e9t\u00e9 accueillies et les enfants parrains\/marraines et filleuls ont chant\u00e9 tous ensemble \"Dire bonjour c'est joli\" !","rel":"","context":"Dans &quot;CE1&quot;","block_context":{"text":"CE1","link":"https:\/\/ecole-saint-joseph-44690.fr\/blog\/?cat=90"},"img":{"alt_text":"","src":"https:\/\/i0.wp.com\/ecole-saint-joseph-44690.fr\/blog\/wp-content\/uploads\/2023\/10\/image-4.png?resize=350%2C200&ssl=1","width":350,"height":200,"srcset":"https:\/\/i0.wp.com\/ecole-saint-joseph-44690.fr\/blog\/wp-content\/uploads\/2023\/10\/image-4.png?resize=350%2C200&ssl=1 1x, https:\/\/i0.wp.com\/ecole-saint-joseph-44690.fr\/blog\/wp-content\/uploads\/2023\/10\/image-4.png?resize=525%2C300&ssl=1 1.5x, https:\/\/i0.wp.com\/ecole-saint-joseph-44690.fr\/blog\/wp-content\/uploads\/2023\/10\/image-4.png?resize=700%2C400&ssl=1 2x"},"classes":[]},{"id":8379,"url":"https:\/\/ecole-saint-joseph-44690.fr\/blog\/?p=8379","url_meta":{"origin":8365,"position":4},"title":"KERMESSE du 25 Juin 2023","author":"S\u00e9bastien JACOB","date":"25 juin 2023","format":false,"excerpt":"Jour de f\u00eate aux moulins des landes ! Une tr\u00e8s belle kermesse sous le signe du soleil. Un grand merci \u00e0 l'APEL pour l'organisation de cette journ\u00e9e, \u00e0 l'\u00e9quipe \u00e9ducative et aux parents qui ont donn\u00e9 de leur temps pour tenir un stand ou aider au d\u00e9montage. Et bravo aux\u2026","rel":"","context":"Dans &quot;APEL&quot;","block_context":{"text":"APEL","link":"https:\/\/ecole-saint-joseph-44690.fr\/blog\/?cat=42"},"img":{"alt_text":"","src":"https:\/\/i0.wp.com\/ecole-saint-joseph-44690.fr\/blog\/wp-content\/uploads\/2023\/07\/349190738_787565609904210_8564667885985460067_n-150x150.jpg?resize=350%2C200&ssl=1","width":350,"height":200,"srcset":"https:\/\/i0.wp.com\/ecole-saint-joseph-44690.fr\/blog\/wp-content\/uploads\/2023\/07\/349190738_787565609904210_8564667885985460067_n-150x150.jpg?resize=350%2C200&ssl=1 1x, https:\/\/i0.wp.com\/ecole-saint-joseph-44690.fr\/blog\/wp-content\/uploads\/2023\/07\/349190738_787565609904210_8564667885985460067_n-150x150.jpg?resize=525%2C300&ssl=1 1.5x, https:\/\/i0.wp.com\/ecole-saint-joseph-44690.fr\/blog\/wp-content\/uploads\/2023\/07\/349190738_787565609904210_8564667885985460067_n-150x150.jpg?resize=700%2C400&ssl=1 2x, https:\/\/i0.wp.com\/ecole-saint-joseph-44690.fr\/blog\/wp-content\/uploads\/2023\/07\/349190738_787565609904210_8564667885985460067_n-150x150.jpg?resize=1050%2C600&ssl=1 3x, https:\/\/i0.wp.com\/ecole-saint-joseph-44690.fr\/blog\/wp-content\/uploads\/2023\/07\/349190738_787565609904210_8564667885985460067_n-150x150.jpg?resize=1400%2C800&ssl=1 4x"},"classes":[]},{"id":8361,"url":"https:\/\/ecole-saint-joseph-44690.fr\/blog\/?p=8361","url_meta":{"origin":8365,"position":5},"title":"KERMESSE 25 JUIN 2023","author":"S\u00e9bastien JACOB","date":"23 juin 2023","format":false,"excerpt":"","rel":"","context":"Dans &quot;APEL&quot;","block_context":{"text":"APEL","link":"https:\/\/ecole-saint-joseph-44690.fr\/blog\/?cat=42"},"img":{"alt_text":"","src":"https:\/\/i0.wp.com\/ecole-saint-joseph-44690.fr\/blog\/wp-content\/uploads\/2023\/06\/image.png?resize=350%2C200&ssl=1","width":350,"height":200,"srcset":"https:\/\/i0.wp.com\/ecole-saint-joseph-44690.fr\/blog\/wp-content\/uploads\/2023\/06\/image.png?resize=350%2C200&ssl=1 1x, https:\/\/i0.wp.com\/ecole-saint-joseph-44690.fr\/blog\/wp-content\/uploads\/2023\/06\/image.png?resize=525%2C300&ssl=1 1.5x, https:\/\/i0.wp.com\/ecole-saint-joseph-44690.fr\/blog\/wp-content\/uploads\/2023\/06\/image.png?resize=700%2C400&ssl=1 2x, https:\/\/i0.wp.com\/ecole-saint-joseph-44690.fr\/blog\/wp-content\/uploads\/2023\/06\/image.png?resize=1050%2C600&ssl=1 3x"},"classes":[]}],"_links":{"self":[{"href":"https:\/\/ecole-saint-joseph-44690.fr\/blog\/index.php?rest_route=\/wp\/v2\/posts\/8365","targetHints":{"allow":["GET"]}}],"collection":[{"href":"https:\/\/ecole-saint-joseph-44690.fr\/blog\/index.php?rest_route=\/wp\/v2\/posts"}],"about":[{"href":"https:\/\/ecole-saint-joseph-44690.fr\/blog\/index.php?rest_route=\/wp\/v2\/types\/post"}],"author":[{"embeddable":true,"href":"https:\/\/ecole-saint-joseph-44690.fr\/blog\/index.php?rest_route=\/wp\/v2\/users\/4"}],"replies":[{"embeddable":true,"href":"https:\/\/ecole-saint-joseph-44690.fr\/blog\/index.php?rest_route=%2Fwp%2Fv2%2Fcomments&post=8365"}],"version-history":[{"count":1,"href":"https:\/\/ecole-saint-joseph-44690.fr\/blog\/index.php?rest_route=\/wp\/v2\/posts\/8365\/revisions"}],"predecessor-version":[{"id":8375,"href":"https:\/\/ecole-saint-joseph-44690.fr\/blog\/index.php?rest_route=\/wp\/v2\/posts\/8365\/revisions\/8375"}],"wp:attachment":[{"href":"https:\/\/ecole-saint-joseph-44690.fr\/blog\/index.php?rest_route=%2Fwp%2Fv2%2Fmedia&parent=8365"}],"wp:term":[{"taxonomy":"category","embeddable":true,"href":"https:\/\/ecole-saint-joseph-44690.fr\/blog\/index.php?rest_route=%2Fwp%2Fv2%2Fcategories&post=8365"},{"taxonomy":"post_tag","embeddable":true,"href":"https:\/\/ecole-saint-joseph-44690.fr\/blog\/index.php?rest_route=%2Fwp%2Fv2%2Ftags&post=8365"}],"curies":[{"name":"wp","href":"https:\/\/api.w.org\/{rel}","templated":true}]}}