{"id":8313,"date":"2023-05-23T12:30:00","date_gmt":"2023-05-23T10:30:00","guid":{"rendered":"https:\/\/ecole-saint-joseph-44690.fr\/blog\/?p=8313"},"modified":"2023-06-07T14:38:28","modified_gmt":"2023-06-07T12:38:28","slug":"matinee-sportive-pour-les-eleves-de-maternelle","status":"publish","type":"post","link":"https:\/\/ecole-saint-joseph-44690.fr\/blog\/?p=8313","title":{"rendered":"Matin\u00e9e sportive pour les \u00e9l\u00e8ves de maternelle"},"content":{"rendered":"\n<p>Pendant que les plus grands \u00e9taient \u00e0 Ch\u00e2teau Th\u00e9baud pour une journ\u00e9e sportive,  les \u00e9l\u00e8ves de maternelle \u00e9taient eux en matin\u00e9e sportive \ud83d\ude42 <\/p>\n\n\n\n<figure class=\"wp-block-image size-large\"><a href=\"https:\/\/ecole-saint-joseph-44690.fr\/blog\/wp-content\/uploads\/2023\/06\/349296657_197683323210754_6926521713256441466_n.jpg\"><img loading=\"lazy\" decoding=\"async\" width=\"1024\" height=\"768\" data-attachment-id=\"8314\" data-permalink=\"https:\/\/ecole-saint-joseph-44690.fr\/blog\/?attachment_id=8314\" data-orig-file=\"https:\/\/ecole-saint-joseph-44690.fr\/blog\/wp-content\/uploads\/2023\/06\/349296657_197683323210754_6926521713256441466_n.jpg\" data-orig-size=\"2048,1536\" data-comments-opened=\"1\" data-image-meta=\"{&quot;aperture&quot;:&quot;0&quot;,&quot;credit&quot;:&quot;&quot;,&quot;camera&quot;:&quot;&quot;,&quot;caption&quot;:&quot;&quot;,&quot;created_timestamp&quot;:&quot;0&quot;,&quot;copyright&quot;:&quot;&quot;,&quot;focal_length&quot;:&quot;0&quot;,&quot;iso&quot;:&quot;0&quot;,&quot;shutter_speed&quot;:&quot;0&quot;,&quot;title&quot;:&quot;&quot;,&quot;orientation&quot;:&quot;0&quot;}\" data-image-title=\"349296657_197683323210754_6926521713256441466_n\" data-image-description=\"\" data-image-caption=\"\" data-large-file=\"https:\/\/ecole-saint-joseph-44690.fr\/blog\/wp-content\/uploads\/2023\/06\/349296657_197683323210754_6926521713256441466_n-1024x768.jpg\" src=\"https:\/\/ecole-saint-joseph-44690.fr\/blog\/wp-content\/uploads\/2023\/06\/349296657_197683323210754_6926521713256441466_n-1024x768.jpg\" alt=\"\" class=\"wp-image-8314\" srcset=\"https:\/\/ecole-saint-joseph-44690.fr\/blog\/wp-content\/uploads\/2023\/06\/349296657_197683323210754_6926521713256441466_n-1024x768.jpg 1024w, https:\/\/ecole-saint-joseph-44690.fr\/blog\/wp-content\/uploads\/2023\/06\/349296657_197683323210754_6926521713256441466_n-300x225.jpg 300w, https:\/\/ecole-saint-joseph-44690.fr\/blog\/wp-content\/uploads\/2023\/06\/349296657_197683323210754_6926521713256441466_n-768x576.jpg 768w, https:\/\/ecole-saint-joseph-44690.fr\/blog\/wp-content\/uploads\/2023\/06\/349296657_197683323210754_6926521713256441466_n-1536x1152.jpg 1536w, https:\/\/ecole-saint-joseph-44690.fr\/blog\/wp-content\/uploads\/2023\/06\/349296657_197683323210754_6926521713256441466_n.jpg 2048w\" sizes=\"auto, (max-width: 1024px) 100vw, 1024px\" \/><\/a><\/figure>\n\n\n\n<figure class=\"wp-block-image size-large\"><a href=\"https:\/\/ecole-saint-joseph-44690.fr\/blog\/wp-content\/uploads\/2023\/06\/349020176_609235077618134_4798413291953437799_n.jpg\"><img loading=\"lazy\" decoding=\"async\" width=\"1024\" height=\"731\" data-attachment-id=\"8315\" data-permalink=\"https:\/\/ecole-saint-joseph-44690.fr\/blog\/?attachment_id=8315\" data-orig-file=\"https:\/\/ecole-saint-joseph-44690.fr\/blog\/wp-content\/uploads\/2023\/06\/349020176_609235077618134_4798413291953437799_n.jpg\" data-orig-size=\"2048,1462\" data-comments-opened=\"1\" data-image-meta=\"{&quot;aperture&quot;:&quot;0&quot;,&quot;credit&quot;:&quot;&quot;,&quot;camera&quot;:&quot;&quot;,&quot;caption&quot;:&quot;&quot;,&quot;created_timestamp&quot;:&quot;0&quot;,&quot;copyright&quot;:&quot;&quot;,&quot;focal_length&quot;:&quot;0&quot;,&quot;iso&quot;:&quot;0&quot;,&quot;shutter_speed&quot;:&quot;0&quot;,&quot;title&quot;:&quot;&quot;,&quot;orientation&quot;:&quot;0&quot;}\" data-image-title=\"349020176_609235077618134_4798413291953437799_n\" data-image-description=\"\" data-image-caption=\"\" data-large-file=\"https:\/\/ecole-saint-joseph-44690.fr\/blog\/wp-content\/uploads\/2023\/06\/349020176_609235077618134_4798413291953437799_n-1024x731.jpg\" src=\"https:\/\/ecole-saint-joseph-44690.fr\/blog\/wp-content\/uploads\/2023\/06\/349020176_609235077618134_4798413291953437799_n-1024x731.jpg\" alt=\"\" class=\"wp-image-8315\" srcset=\"https:\/\/ecole-saint-joseph-44690.fr\/blog\/wp-content\/uploads\/2023\/06\/349020176_609235077618134_4798413291953437799_n-1024x731.jpg 1024w, https:\/\/ecole-saint-joseph-44690.fr\/blog\/wp-content\/uploads\/2023\/06\/349020176_609235077618134_4798413291953437799_n-300x214.jpg 300w, https:\/\/ecole-saint-joseph-44690.fr\/blog\/wp-content\/uploads\/2023\/06\/349020176_609235077618134_4798413291953437799_n-768x548.jpg 768w, https:\/\/ecole-saint-joseph-44690.fr\/blog\/wp-content\/uploads\/2023\/06\/349020176_609235077618134_4798413291953437799_n-1536x1097.jpg 1536w, https:\/\/ecole-saint-joseph-44690.fr\/blog\/wp-content\/uploads\/2023\/06\/349020176_609235077618134_4798413291953437799_n.jpg 2048w\" sizes=\"auto, (max-width: 1024px) 100vw, 1024px\" \/><\/a><\/figure>\n\n\n\n<figure class=\"wp-block-image size-large\"><a href=\"https:\/\/ecole-saint-joseph-44690.fr\/blog\/wp-content\/uploads\/2023\/06\/348856002_1398076527649854_193462747699551855_n.jpg\"><img loading=\"lazy\" decoding=\"async\" width=\"768\" height=\"1024\" data-attachment-id=\"8317\" data-permalink=\"https:\/\/ecole-saint-joseph-44690.fr\/blog\/?attachment_id=8317\" data-orig-file=\"https:\/\/ecole-saint-joseph-44690.fr\/blog\/wp-content\/uploads\/2023\/06\/348856002_1398076527649854_193462747699551855_n.jpg\" data-orig-size=\"1200,1600\" data-comments-opened=\"1\" data-image-meta=\"{&quot;aperture&quot;:&quot;0&quot;,&quot;credit&quot;:&quot;&quot;,&quot;camera&quot;:&quot;&quot;,&quot;caption&quot;:&quot;&quot;,&quot;created_timestamp&quot;:&quot;0&quot;,&quot;copyright&quot;:&quot;&quot;,&quot;focal_length&quot;:&quot;0&quot;,&quot;iso&quot;:&quot;0&quot;,&quot;shutter_speed&quot;:&quot;0&quot;,&quot;title&quot;:&quot;&quot;,&quot;orientation&quot;:&quot;0&quot;}\" data-image-title=\"348856002_1398076527649854_193462747699551855_n\" data-image-description=\"\" data-image-caption=\"\" data-large-file=\"https:\/\/ecole-saint-joseph-44690.fr\/blog\/wp-content\/uploads\/2023\/06\/348856002_1398076527649854_193462747699551855_n-768x1024.jpg\" src=\"https:\/\/ecole-saint-joseph-44690.fr\/blog\/wp-content\/uploads\/2023\/06\/348856002_1398076527649854_193462747699551855_n-768x1024.jpg\" alt=\"\" class=\"wp-image-8317\" srcset=\"https:\/\/ecole-saint-joseph-44690.fr\/blog\/wp-content\/uploads\/2023\/06\/348856002_1398076527649854_193462747699551855_n-768x1024.jpg 768w, https:\/\/ecole-saint-joseph-44690.fr\/blog\/wp-content\/uploads\/2023\/06\/348856002_1398076527649854_193462747699551855_n-225x300.jpg 225w, https:\/\/ecole-saint-joseph-44690.fr\/blog\/wp-content\/uploads\/2023\/06\/348856002_1398076527649854_193462747699551855_n-1152x1536.jpg 1152w, https:\/\/ecole-saint-joseph-44690.fr\/blog\/wp-content\/uploads\/2023\/06\/348856002_1398076527649854_193462747699551855_n.jpg 1200w\" sizes=\"auto, (max-width: 768px) 100vw, 768px\" \/><\/a><\/figure>\n","protected":false},"excerpt":{"rendered":"<p>Pendant que les plus grands \u00e9taient \u00e0 Ch\u00e2teau Th\u00e9baud pour une journ\u00e9e sportive, les \u00e9l\u00e8ves de maternelle \u00e9taient eux en matin\u00e9e sportive \ud83d\ude42<\/p>\n","protected":false},"author":4,"featured_media":0,"comment_status":"open","ping_status":"open","sticky":false,"template":"","format":"standard","meta":{"jetpack_post_was_ever_published":false,"_jetpack_newsletter_access":"","_jetpack_dont_email_post_to_subs":false,"_jetpack_newsletter_tier_id":0,"_jetpack_memberships_contains_paywalled_content":false,"_jetpack_memberships_contains_paid_content":false,"footnotes":"","jetpack_publicize_message":"","jetpack_publicize_feature_enabled":true,"jetpack_social_post_already_shared":true,"jetpack_social_options":{"image_generator_settings":{"template":"highway","default_image_id":0,"font":"","enabled":false},"version":2}},"categories":[11,35,38,36,37],"tags":[],"class_list":["post-8313","post","type-post","status-publish","format-standard","hentry","category-ecole","category-gs","category-maternelle","category-ms","category-ps"],"jetpack_publicize_connections":[],"jetpack_featured_media_url":"","jetpack_sharing_enabled":true,"jetpack_shortlink":"https:\/\/wp.me\/p5G85k-2a5","jetpack_likes_enabled":true,"jetpack-related-posts":[{"id":8645,"url":"https:\/\/ecole-saint-joseph-44690.fr\/blog\/?p=8645","url_meta":{"origin":8313,"position":0},"title":"Nouveaux v\u00e9los en maternelle!","author":"S\u00e9bastien JACOB","date":"4 mai 2025","format":false,"excerpt":"Gr\u00e2ce \u00e0 votre participation aux actions de l\u2019APEL (loto, madeleines Bijou, chocolats ...), l\u2019Apel a pu financer de nouveaux v\u00e9los. Les \u00e9l\u00e8ves de maternelle sont ravis !","rel":"","context":"Dans &quot;APEL&quot;","block_context":{"text":"APEL","link":"https:\/\/ecole-saint-joseph-44690.fr\/blog\/?cat=42"},"img":{"alt_text":"","src":"https:\/\/i0.wp.com\/ecole-saint-joseph-44690.fr\/blog\/wp-content\/uploads\/2025\/05\/495363992_1285313930129373_5217643436275781111_n-1-150x150.jpg?resize=350%2C200&ssl=1","width":350,"height":200,"srcset":"https:\/\/i0.wp.com\/ecole-saint-joseph-44690.fr\/blog\/wp-content\/uploads\/2025\/05\/495363992_1285313930129373_5217643436275781111_n-1-150x150.jpg?resize=350%2C200&ssl=1 1x, https:\/\/i0.wp.com\/ecole-saint-joseph-44690.fr\/blog\/wp-content\/uploads\/2025\/05\/495363992_1285313930129373_5217643436275781111_n-1-150x150.jpg?resize=525%2C300&ssl=1 1.5x, https:\/\/i0.wp.com\/ecole-saint-joseph-44690.fr\/blog\/wp-content\/uploads\/2025\/05\/495363992_1285313930129373_5217643436275781111_n-1-150x150.jpg?resize=700%2C400&ssl=1 2x, https:\/\/i0.wp.com\/ecole-saint-joseph-44690.fr\/blog\/wp-content\/uploads\/2025\/05\/495363992_1285313930129373_5217643436275781111_n-1-150x150.jpg?resize=1050%2C600&ssl=1 3x, https:\/\/i0.wp.com\/ecole-saint-joseph-44690.fr\/blog\/wp-content\/uploads\/2025\/05\/495363992_1285313930129373_5217643436275781111_n-1-150x150.jpg?resize=1400%2C800&ssl=1 4x"},"classes":[]},{"id":8440,"url":"https:\/\/ecole-saint-joseph-44690.fr\/blog\/?p=8440","url_meta":{"origin":8313,"position":1},"title":"C\u00c9R\u00c9MONIE DE LA FLAMME","author":"S\u00e9bastien JACOB","date":"12 octobre 2023","format":false,"excerpt":"Une flamme, symbolisant la flamme olympique, est partie de notre \u00e9cole aujourd'hui vers la Chapelle Heulin. Sur un relais de presque 9km les \u00e9l\u00e8ves des classes de CM ont \u00e9t\u00e9 accompagn\u00e9 par des \u00e9l\u00e8ves du coll\u00e8ge St Gabriel et du lyc\u00e9e de Briac\u00e9. Les \u00e9l\u00e8ves ont profit\u00e9 de l'occasion pour\u2026","rel":"","context":"Dans &quot;CE1&quot;","block_context":{"text":"CE1","link":"https:\/\/ecole-saint-joseph-44690.fr\/blog\/?cat=90"},"img":{"alt_text":"","src":"https:\/\/i0.wp.com\/ecole-saint-joseph-44690.fr\/blog\/wp-content\/uploads\/2023\/10\/image-12.png?resize=350%2C200&ssl=1","width":350,"height":200,"srcset":"https:\/\/i0.wp.com\/ecole-saint-joseph-44690.fr\/blog\/wp-content\/uploads\/2023\/10\/image-12.png?resize=350%2C200&ssl=1 1x, https:\/\/i0.wp.com\/ecole-saint-joseph-44690.fr\/blog\/wp-content\/uploads\/2023\/10\/image-12.png?resize=525%2C300&ssl=1 1.5x, https:\/\/i0.wp.com\/ecole-saint-joseph-44690.fr\/blog\/wp-content\/uploads\/2023\/10\/image-12.png?resize=700%2C400&ssl=1 2x"},"classes":[]},{"id":8306,"url":"https:\/\/ecole-saint-joseph-44690.fr\/blog\/?p=8306","url_meta":{"origin":8313,"position":2},"title":"Journ\u00e9e sportive organis\u00e9e par les \u00e9coles St Joseph de la Haye Fouassi\u00e8re et de Chateau-Th\u00e9baud.","author":"S\u00e9bastien JACOB","date":"23 mai 2023","format":false,"excerpt":"Les \u00e9l\u00e8ves de primaire ont particip\u00e9 \u00e0 une journ\u00e9e sportive, organis\u00e9e par les \u00e9coles St Joseph de la Haye Fouassi\u00e8re et de Chateau-Th\u00e9baud. Un grand merci aux parents qui ont accompagn\u00e9 et contribu\u00e9 \u00e0 la r\u00e9ussite de cette journ\u00e9e.","rel":"","context":"Dans &quot;G\u00e9n\u00e9ral&quot;","block_context":{"text":"G\u00e9n\u00e9ral","link":"https:\/\/ecole-saint-joseph-44690.fr\/blog\/?cat=1"},"img":{"alt_text":"","src":"https:\/\/i0.wp.com\/ecole-saint-joseph-44690.fr\/blog\/wp-content\/uploads\/2023\/06\/345034927_954330522575547_7548137575666935523_n.jpg?resize=350%2C200&ssl=1","width":350,"height":200,"srcset":"https:\/\/i0.wp.com\/ecole-saint-joseph-44690.fr\/blog\/wp-content\/uploads\/2023\/06\/345034927_954330522575547_7548137575666935523_n.jpg?resize=350%2C200&ssl=1 1x, https:\/\/i0.wp.com\/ecole-saint-joseph-44690.fr\/blog\/wp-content\/uploads\/2023\/06\/345034927_954330522575547_7548137575666935523_n.jpg?resize=525%2C300&ssl=1 1.5x, https:\/\/i0.wp.com\/ecole-saint-joseph-44690.fr\/blog\/wp-content\/uploads\/2023\/06\/345034927_954330522575547_7548137575666935523_n.jpg?resize=700%2C400&ssl=1 2x"},"classes":[]},{"id":8277,"url":"https:\/\/ecole-saint-joseph-44690.fr\/blog\/?p=8277","url_meta":{"origin":8313,"position":3},"title":"SORTIE SCOLAIRE","author":"S\u00e9bastien JACOB","date":"15 mai 2023","format":false,"excerpt":"Les \u00e9l\u00e8ves de GS, CP, CE1 et CE2 ont profit\u00e9 d'une superbe journ\u00e9e \u00e0 T\u00e9pacap !","rel":"","context":"Dans &quot;CE1&quot;","block_context":{"text":"CE1","link":"https:\/\/ecole-saint-joseph-44690.fr\/blog\/?cat=90"},"img":{"alt_text":"","src":"https:\/\/i0.wp.com\/ecole-saint-joseph-44690.fr\/blog\/wp-content\/uploads\/2023\/06\/345312522_792724775586161_6025313720384670533_n-150x150.jpg?resize=350%2C200&ssl=1","width":350,"height":200,"srcset":"https:\/\/i0.wp.com\/ecole-saint-joseph-44690.fr\/blog\/wp-content\/uploads\/2023\/06\/345312522_792724775586161_6025313720384670533_n-150x150.jpg?resize=350%2C200&ssl=1 1x, https:\/\/i0.wp.com\/ecole-saint-joseph-44690.fr\/blog\/wp-content\/uploads\/2023\/06\/345312522_792724775586161_6025313720384670533_n-150x150.jpg?resize=525%2C300&ssl=1 1.5x, https:\/\/i0.wp.com\/ecole-saint-joseph-44690.fr\/blog\/wp-content\/uploads\/2023\/06\/345312522_792724775586161_6025313720384670533_n-150x150.jpg?resize=700%2C400&ssl=1 2x"},"classes":[]},{"id":8620,"url":"https:\/\/ecole-saint-joseph-44690.fr\/blog\/?p=8620","url_meta":{"origin":8313,"position":4},"title":"VOYAGE EN ESPAGNE 2025 (jours 3 4 5)","author":"S\u00e9bastien JACOB","date":"2 avril 2025","format":false,"excerpt":"Jour3:Les \u00e9l\u00e8ves ont d\u00e9couvert l'\u00e9cole de Los Corrales de Buelna. Puis ils ont eu une visite guid\u00e9e de la ville, par des \u00e9l\u00e8ves espagnols de 6e. Pique nique et apr\u00e8s midi \u00e0 Comillas pour visiter \u00able caprice de Gaud\u00ed \u00bb, c\u2019\u00e9tait sublime ! Les enfants ont aussi eu la chance\u2026","rel":"","context":"Dans &quot;CM1&quot;","block_context":{"text":"CM1","link":"https:\/\/ecole-saint-joseph-44690.fr\/blog\/?cat=92"},"img":{"alt_text":"","src":"https:\/\/i0.wp.com\/ecole-saint-joseph-44690.fr\/blog\/wp-content\/uploads\/2025\/04\/488268890_1254961133164653_3509363775231215163_n-150x150.jpg?resize=350%2C200&ssl=1","width":350,"height":200,"srcset":"https:\/\/i0.wp.com\/ecole-saint-joseph-44690.fr\/blog\/wp-content\/uploads\/2025\/04\/488268890_1254961133164653_3509363775231215163_n-150x150.jpg?resize=350%2C200&ssl=1 1x, https:\/\/i0.wp.com\/ecole-saint-joseph-44690.fr\/blog\/wp-content\/uploads\/2025\/04\/488268890_1254961133164653_3509363775231215163_n-150x150.jpg?resize=525%2C300&ssl=1 1.5x, https:\/\/i0.wp.com\/ecole-saint-joseph-44690.fr\/blog\/wp-content\/uploads\/2025\/04\/488268890_1254961133164653_3509363775231215163_n-150x150.jpg?resize=700%2C400&ssl=1 2x, https:\/\/i0.wp.com\/ecole-saint-joseph-44690.fr\/blog\/wp-content\/uploads\/2025\/04\/488268890_1254961133164653_3509363775231215163_n-150x150.jpg?resize=1050%2C600&ssl=1 3x, https:\/\/i0.wp.com\/ecole-saint-joseph-44690.fr\/blog\/wp-content\/uploads\/2025\/04\/488268890_1254961133164653_3509363775231215163_n-150x150.jpg?resize=1400%2C800&ssl=1 4x"},"classes":[]},{"id":8404,"url":"https:\/\/ecole-saint-joseph-44690.fr\/blog\/?p=8404","url_meta":{"origin":8313,"position":5},"title":"Sortie scolaire \u00e0 Pr\u00e9failles","author":"S\u00e9bastien JACOB","date":"3 juillet 2023","format":false,"excerpt":"Sortie scolaire des petits en maternelle \u00e0 Pr\u00e9failles pour d\u00e9couvrir la faune et la flore\u00a0du\u00a0bord\u00a0de\u00a0mer.","rel":"","context":"Dans &quot;Ecole&quot;","block_context":{"text":"Ecole","link":"https:\/\/ecole-saint-joseph-44690.fr\/blog\/?cat=11"},"img":{"alt_text":"","src":"https:\/\/i0.wp.com\/ecole-saint-joseph-44690.fr\/blog\/wp-content\/uploads\/2023\/07\/IMG-20230703-WA0019.jpg?resize=350%2C200&ssl=1","width":350,"height":200,"srcset":"https:\/\/i0.wp.com\/ecole-saint-joseph-44690.fr\/blog\/wp-content\/uploads\/2023\/07\/IMG-20230703-WA0019.jpg?resize=350%2C200&ssl=1 1x, https:\/\/i0.wp.com\/ecole-saint-joseph-44690.fr\/blog\/wp-content\/uploads\/2023\/07\/IMG-20230703-WA0019.jpg?resize=525%2C300&ssl=1 1.5x"},"classes":[]}],"_links":{"self":[{"href":"https:\/\/ecole-saint-joseph-44690.fr\/blog\/index.php?rest_route=\/wp\/v2\/posts\/8313","targetHints":{"allow":["GET"]}}],"collection":[{"href":"https:\/\/ecole-saint-joseph-44690.fr\/blog\/index.php?rest_route=\/wp\/v2\/posts"}],"about":[{"href":"https:\/\/ecole-saint-joseph-44690.fr\/blog\/index.php?rest_route=\/wp\/v2\/types\/post"}],"author":[{"embeddable":true,"href":"https:\/\/ecole-saint-joseph-44690.fr\/blog\/index.php?rest_route=\/wp\/v2\/users\/4"}],"replies":[{"embeddable":true,"href":"https:\/\/ecole-saint-joseph-44690.fr\/blog\/index.php?rest_route=%2Fwp%2Fv2%2Fcomments&post=8313"}],"version-history":[{"count":1,"href":"https:\/\/ecole-saint-joseph-44690.fr\/blog\/index.php?rest_route=\/wp\/v2\/posts\/8313\/revisions"}],"predecessor-version":[{"id":8318,"href":"https:\/\/ecole-saint-joseph-44690.fr\/blog\/index.php?rest_route=\/wp\/v2\/posts\/8313\/revisions\/8318"}],"wp:attachment":[{"href":"https:\/\/ecole-saint-joseph-44690.fr\/blog\/index.php?rest_route=%2Fwp%2Fv2%2Fmedia&parent=8313"}],"wp:term":[{"taxonomy":"category","embeddable":true,"href":"https:\/\/ecole-saint-joseph-44690.fr\/blog\/index.php?rest_route=%2Fwp%2Fv2%2Fcategories&post=8313"},{"taxonomy":"post_tag","embeddable":true,"href":"https:\/\/ecole-saint-joseph-44690.fr\/blog\/index.php?rest_route=%2Fwp%2Fv2%2Ftags&post=8313"}],"curies":[{"name":"wp","href":"https:\/\/api.w.org\/{rel}","templated":true}]}}