{"id":8306,"date":"2023-05-23T17:00:00","date_gmt":"2023-05-23T15:00:00","guid":{"rendered":"https:\/\/ecole-saint-joseph-44690.fr\/blog\/?p=8306"},"modified":"2023-06-07T14:33:13","modified_gmt":"2023-06-07T12:33:13","slug":"journee-sportive-organisee-par-les-ecoles-st-joseph-de-la-haye-fouassiere-et-de-chateau-thebaud","status":"publish","type":"post","link":"https:\/\/ecole-saint-joseph-44690.fr\/blog\/?p=8306","title":{"rendered":"Journ\u00e9e sportive organis\u00e9e par les \u00e9coles St Joseph de la Haye Fouassi\u00e8re et de Chateau-Th\u00e9baud."},"content":{"rendered":"\n<p>Les \u00e9l\u00e8ves de primaire ont particip\u00e9 \u00e0 une journ\u00e9e sportive, organis\u00e9e par les \u00e9coles St Joseph de la Haye Fouassi\u00e8re et de Chateau-Th\u00e9baud.<\/p>\n\n\n\n<p>Un grand merci aux parents qui ont accompagn\u00e9 et contribu\u00e9 \u00e0 la r\u00e9ussite de cette journ\u00e9e.<\/p>\n\n\n\n<figure class=\"wp-block-image size-large\"><a href=\"https:\/\/ecole-saint-joseph-44690.fr\/blog\/wp-content\/uploads\/2023\/06\/346657332_785760909862072_5299702396360354944_n-1.jpg\"><img loading=\"lazy\" decoding=\"async\" width=\"1024\" height=\"768\" data-attachment-id=\"8307\" data-permalink=\"https:\/\/ecole-saint-joseph-44690.fr\/blog\/?attachment_id=8307\" data-orig-file=\"https:\/\/ecole-saint-joseph-44690.fr\/blog\/wp-content\/uploads\/2023\/06\/346657332_785760909862072_5299702396360354944_n-1.jpg\" data-orig-size=\"2048,1536\" data-comments-opened=\"1\" data-image-meta=\"{&quot;aperture&quot;:&quot;0&quot;,&quot;credit&quot;:&quot;&quot;,&quot;camera&quot;:&quot;&quot;,&quot;caption&quot;:&quot;&quot;,&quot;created_timestamp&quot;:&quot;0&quot;,&quot;copyright&quot;:&quot;&quot;,&quot;focal_length&quot;:&quot;0&quot;,&quot;iso&quot;:&quot;0&quot;,&quot;shutter_speed&quot;:&quot;0&quot;,&quot;title&quot;:&quot;&quot;,&quot;orientation&quot;:&quot;0&quot;}\" data-image-title=\"346657332_785760909862072_5299702396360354944_n-1\" data-image-description=\"\" data-image-caption=\"\" data-large-file=\"https:\/\/ecole-saint-joseph-44690.fr\/blog\/wp-content\/uploads\/2023\/06\/346657332_785760909862072_5299702396360354944_n-1-1024x768.jpg\" src=\"https:\/\/ecole-saint-joseph-44690.fr\/blog\/wp-content\/uploads\/2023\/06\/346657332_785760909862072_5299702396360354944_n-1-1024x768.jpg\" alt=\"\" class=\"wp-image-8307\" srcset=\"https:\/\/ecole-saint-joseph-44690.fr\/blog\/wp-content\/uploads\/2023\/06\/346657332_785760909862072_5299702396360354944_n-1-1024x768.jpg 1024w, https:\/\/ecole-saint-joseph-44690.fr\/blog\/wp-content\/uploads\/2023\/06\/346657332_785760909862072_5299702396360354944_n-1-300x225.jpg 300w, https:\/\/ecole-saint-joseph-44690.fr\/blog\/wp-content\/uploads\/2023\/06\/346657332_785760909862072_5299702396360354944_n-1-768x576.jpg 768w, https:\/\/ecole-saint-joseph-44690.fr\/blog\/wp-content\/uploads\/2023\/06\/346657332_785760909862072_5299702396360354944_n-1-1536x1152.jpg 1536w, https:\/\/ecole-saint-joseph-44690.fr\/blog\/wp-content\/uploads\/2023\/06\/346657332_785760909862072_5299702396360354944_n-1.jpg 2048w\" sizes=\"auto, (max-width: 1024px) 100vw, 1024px\" \/><\/a><\/figure>\n\n\n\n<figure class=\"wp-block-image size-large\"><a href=\"https:\/\/ecole-saint-joseph-44690.fr\/blog\/wp-content\/uploads\/2023\/06\/346072426_1672836263130379_6773595277387460156_n.jpg\"><img loading=\"lazy\" decoding=\"async\" width=\"1024\" height=\"730\" data-attachment-id=\"8308\" data-permalink=\"https:\/\/ecole-saint-joseph-44690.fr\/blog\/?attachment_id=8308\" data-orig-file=\"https:\/\/ecole-saint-joseph-44690.fr\/blog\/wp-content\/uploads\/2023\/06\/346072426_1672836263130379_6773595277387460156_n.jpg\" data-orig-size=\"1257,896\" data-comments-opened=\"1\" data-image-meta=\"{&quot;aperture&quot;:&quot;0&quot;,&quot;credit&quot;:&quot;&quot;,&quot;camera&quot;:&quot;&quot;,&quot;caption&quot;:&quot;&quot;,&quot;created_timestamp&quot;:&quot;0&quot;,&quot;copyright&quot;:&quot;&quot;,&quot;focal_length&quot;:&quot;0&quot;,&quot;iso&quot;:&quot;0&quot;,&quot;shutter_speed&quot;:&quot;0&quot;,&quot;title&quot;:&quot;&quot;,&quot;orientation&quot;:&quot;0&quot;}\" data-image-title=\"346072426_1672836263130379_6773595277387460156_n\" data-image-description=\"\" data-image-caption=\"\" data-large-file=\"https:\/\/ecole-saint-joseph-44690.fr\/blog\/wp-content\/uploads\/2023\/06\/346072426_1672836263130379_6773595277387460156_n-1024x730.jpg\" src=\"https:\/\/ecole-saint-joseph-44690.fr\/blog\/wp-content\/uploads\/2023\/06\/346072426_1672836263130379_6773595277387460156_n-1024x730.jpg\" alt=\"\" class=\"wp-image-8308\" srcset=\"https:\/\/ecole-saint-joseph-44690.fr\/blog\/wp-content\/uploads\/2023\/06\/346072426_1672836263130379_6773595277387460156_n-1024x730.jpg 1024w, https:\/\/ecole-saint-joseph-44690.fr\/blog\/wp-content\/uploads\/2023\/06\/346072426_1672836263130379_6773595277387460156_n-300x214.jpg 300w, https:\/\/ecole-saint-joseph-44690.fr\/blog\/wp-content\/uploads\/2023\/06\/346072426_1672836263130379_6773595277387460156_n-768x547.jpg 768w, https:\/\/ecole-saint-joseph-44690.fr\/blog\/wp-content\/uploads\/2023\/06\/346072426_1672836263130379_6773595277387460156_n.jpg 1257w\" sizes=\"auto, (max-width: 1024px) 100vw, 1024px\" \/><\/a><\/figure>\n\n\n\n<figure class=\"wp-block-image size-full\"><a href=\"https:\/\/ecole-saint-joseph-44690.fr\/blog\/wp-content\/uploads\/2023\/06\/345034927_954330522575547_7548137575666935523_n.jpg\"><img loading=\"lazy\" decoding=\"async\" width=\"1024\" height=\"768\" data-attachment-id=\"8309\" data-permalink=\"https:\/\/ecole-saint-joseph-44690.fr\/blog\/?attachment_id=8309\" data-orig-file=\"https:\/\/ecole-saint-joseph-44690.fr\/blog\/wp-content\/uploads\/2023\/06\/345034927_954330522575547_7548137575666935523_n.jpg\" data-orig-size=\"1024,768\" data-comments-opened=\"1\" data-image-meta=\"{&quot;aperture&quot;:&quot;0&quot;,&quot;credit&quot;:&quot;&quot;,&quot;camera&quot;:&quot;&quot;,&quot;caption&quot;:&quot;&quot;,&quot;created_timestamp&quot;:&quot;0&quot;,&quot;copyright&quot;:&quot;&quot;,&quot;focal_length&quot;:&quot;0&quot;,&quot;iso&quot;:&quot;0&quot;,&quot;shutter_speed&quot;:&quot;0&quot;,&quot;title&quot;:&quot;&quot;,&quot;orientation&quot;:&quot;0&quot;}\" data-image-title=\"345034927_954330522575547_7548137575666935523_n\" data-image-description=\"\" data-image-caption=\"\" data-large-file=\"https:\/\/ecole-saint-joseph-44690.fr\/blog\/wp-content\/uploads\/2023\/06\/345034927_954330522575547_7548137575666935523_n.jpg\" src=\"https:\/\/ecole-saint-joseph-44690.fr\/blog\/wp-content\/uploads\/2023\/06\/345034927_954330522575547_7548137575666935523_n.jpg\" alt=\"\" class=\"wp-image-8309\" srcset=\"https:\/\/ecole-saint-joseph-44690.fr\/blog\/wp-content\/uploads\/2023\/06\/345034927_954330522575547_7548137575666935523_n.jpg 1024w, https:\/\/ecole-saint-joseph-44690.fr\/blog\/wp-content\/uploads\/2023\/06\/345034927_954330522575547_7548137575666935523_n-300x225.jpg 300w, https:\/\/ecole-saint-joseph-44690.fr\/blog\/wp-content\/uploads\/2023\/06\/345034927_954330522575547_7548137575666935523_n-768x576.jpg 768w\" sizes=\"auto, (max-width: 1024px) 100vw, 1024px\" \/><\/a><\/figure>\n\n\n\n<figure class=\"wp-block-image size-large\"><a href=\"https:\/\/ecole-saint-joseph-44690.fr\/blog\/wp-content\/uploads\/2023\/06\/345662284_792074322524571_970404143672383085_n.jpg\"><img loading=\"lazy\" decoding=\"async\" width=\"1024\" height=\"576\" data-attachment-id=\"8311\" data-permalink=\"https:\/\/ecole-saint-joseph-44690.fr\/blog\/?attachment_id=8311\" data-orig-file=\"https:\/\/ecole-saint-joseph-44690.fr\/blog\/wp-content\/uploads\/2023\/06\/345662284_792074322524571_970404143672383085_n.jpg\" data-orig-size=\"1600,900\" data-comments-opened=\"1\" data-image-meta=\"{&quot;aperture&quot;:&quot;0&quot;,&quot;credit&quot;:&quot;&quot;,&quot;camera&quot;:&quot;&quot;,&quot;caption&quot;:&quot;&quot;,&quot;created_timestamp&quot;:&quot;0&quot;,&quot;copyright&quot;:&quot;&quot;,&quot;focal_length&quot;:&quot;0&quot;,&quot;iso&quot;:&quot;0&quot;,&quot;shutter_speed&quot;:&quot;0&quot;,&quot;title&quot;:&quot;&quot;,&quot;orientation&quot;:&quot;0&quot;}\" data-image-title=\"345662284_792074322524571_970404143672383085_n\" data-image-description=\"\" data-image-caption=\"\" data-large-file=\"https:\/\/ecole-saint-joseph-44690.fr\/blog\/wp-content\/uploads\/2023\/06\/345662284_792074322524571_970404143672383085_n-1024x576.jpg\" src=\"https:\/\/ecole-saint-joseph-44690.fr\/blog\/wp-content\/uploads\/2023\/06\/345662284_792074322524571_970404143672383085_n-1024x576.jpg\" alt=\"\" class=\"wp-image-8311\" srcset=\"https:\/\/ecole-saint-joseph-44690.fr\/blog\/wp-content\/uploads\/2023\/06\/345662284_792074322524571_970404143672383085_n-1024x576.jpg 1024w, https:\/\/ecole-saint-joseph-44690.fr\/blog\/wp-content\/uploads\/2023\/06\/345662284_792074322524571_970404143672383085_n-300x169.jpg 300w, https:\/\/ecole-saint-joseph-44690.fr\/blog\/wp-content\/uploads\/2023\/06\/345662284_792074322524571_970404143672383085_n-768x432.jpg 768w, https:\/\/ecole-saint-joseph-44690.fr\/blog\/wp-content\/uploads\/2023\/06\/345662284_792074322524571_970404143672383085_n-1536x864.jpg 1536w, https:\/\/ecole-saint-joseph-44690.fr\/blog\/wp-content\/uploads\/2023\/06\/345662284_792074322524571_970404143672383085_n.jpg 1600w\" sizes=\"auto, (max-width: 1024px) 100vw, 1024px\" \/><\/a><\/figure>\n\n\n","protected":false},"excerpt":{"rendered":"<p>Les \u00e9l\u00e8ves de primaire ont particip\u00e9 \u00e0 une journ\u00e9e sportive, organis\u00e9e par les \u00e9coles St Joseph de la Haye Fouassi\u00e8re et de Chateau-Th\u00e9baud. Un grand merci aux parents qui ont accompagn\u00e9 et contribu\u00e9 \u00e0 la r\u00e9ussite de cette journ\u00e9e.<\/p>\n","protected":false},"author":4,"featured_media":0,"comment_status":"open","ping_status":"open","sticky":false,"template":"","format":"standard","meta":{"jetpack_post_was_ever_published":false,"_jetpack_newsletter_access":"","_jetpack_dont_email_post_to_subs":false,"_jetpack_newsletter_tier_id":0,"_jetpack_memberships_contains_paywalled_content":false,"_jetpack_memberships_contains_paid_content":false,"footnotes":"","jetpack_publicize_message":"","jetpack_publicize_feature_enabled":true,"jetpack_social_post_already_shared":true,"jetpack_social_options":{"image_generator_settings":{"template":"highway","default_image_id":0,"font":"","enabled":false},"version":2}},"categories":[1],"tags":[],"class_list":["post-8306","post","type-post","status-publish","format-standard","hentry","category-general"],"jetpack_publicize_connections":[],"jetpack_featured_media_url":"","jetpack_sharing_enabled":true,"jetpack_shortlink":"https:\/\/wp.me\/p5G85k-29Y","jetpack_likes_enabled":true,"jetpack-related-posts":[{"id":8313,"url":"https:\/\/ecole-saint-joseph-44690.fr\/blog\/?p=8313","url_meta":{"origin":8306,"position":0},"title":"Matin\u00e9e sportive pour les \u00e9l\u00e8ves de maternelle","author":"S\u00e9bastien JACOB","date":"23 mai 2023","format":false,"excerpt":"Pendant que les plus grands \u00e9taient \u00e0 Ch\u00e2teau Th\u00e9baud pour une journ\u00e9e sportive, les \u00e9l\u00e8ves de maternelle \u00e9taient eux en matin\u00e9e sportive :-)","rel":"","context":"Dans &quot;Ecole&quot;","block_context":{"text":"Ecole","link":"https:\/\/ecole-saint-joseph-44690.fr\/blog\/?cat=11"},"img":{"alt_text":"","src":"https:\/\/i0.wp.com\/ecole-saint-joseph-44690.fr\/blog\/wp-content\/uploads\/2023\/06\/349296657_197683323210754_6926521713256441466_n.jpg?resize=350%2C200&ssl=1","width":350,"height":200,"srcset":"https:\/\/i0.wp.com\/ecole-saint-joseph-44690.fr\/blog\/wp-content\/uploads\/2023\/06\/349296657_197683323210754_6926521713256441466_n.jpg?resize=350%2C200&ssl=1 1x, https:\/\/i0.wp.com\/ecole-saint-joseph-44690.fr\/blog\/wp-content\/uploads\/2023\/06\/349296657_197683323210754_6926521713256441466_n.jpg?resize=525%2C300&ssl=1 1.5x, https:\/\/i0.wp.com\/ecole-saint-joseph-44690.fr\/blog\/wp-content\/uploads\/2023\/06\/349296657_197683323210754_6926521713256441466_n.jpg?resize=700%2C400&ssl=1 2x, https:\/\/i0.wp.com\/ecole-saint-joseph-44690.fr\/blog\/wp-content\/uploads\/2023\/06\/349296657_197683323210754_6926521713256441466_n.jpg?resize=1050%2C600&ssl=1 3x, https:\/\/i0.wp.com\/ecole-saint-joseph-44690.fr\/blog\/wp-content\/uploads\/2023\/06\/349296657_197683323210754_6926521713256441466_n.jpg?resize=1400%2C800&ssl=1 4x"},"classes":[]},{"id":8090,"url":"https:\/\/ecole-saint-joseph-44690.fr\/blog\/?p=8090","url_meta":{"origin":8306,"position":1},"title":"KERMESSE","author":"Pauline Vannier","date":"4 juillet 2022","format":false,"excerpt":"Apr\u00e8s deux ans d'absence, dimanche dernier marquait le retour de la kermesse de l'\u00e9cole au Moulin des Landes. Un \u00e9v\u00e9nement tr\u00e8s attendu par les petits mais aussi les grands ! Au programme : moules-frites, p\u00eache aux canards, bowling, tatouages, ch\u00e2teaux gonflables...et bien s\u00fbr les danses propos\u00e9es par l'\u00e9quipe enseignante et\u2026","rel":"","context":"Dans &quot;APEL&quot;","block_context":{"text":"APEL","link":"https:\/\/ecole-saint-joseph-44690.fr\/blog\/?cat=42"},"img":{"alt_text":"","src":"","width":0,"height":0},"classes":[]},{"id":8201,"url":"https:\/\/ecole-saint-joseph-44690.fr\/blog\/?p=8201","url_meta":{"origin":8306,"position":2},"title":"Arriv\u00e9e du cirque \u00e0 la Haye Fouassi\u00e8re !","author":"S\u00e9bastien JACOB","date":"4 mars 2023","format":false,"excerpt":"Le cirque est bien arriv\u00e9 !!! Vivement que le chapiteau soit mont\u00e9 ! Arriv\u00e9e du cirque sur le terrain.","rel":"","context":"Dans &quot;CE1&quot;","block_context":{"text":"CE1","link":"https:\/\/ecole-saint-joseph-44690.fr\/blog\/?cat=90"},"img":{"alt_text":"","src":"https:\/\/i0.wp.com\/ecole-saint-joseph-44690.fr\/blog\/wp-content\/uploads\/2023\/03\/image-2.png?resize=350%2C200&ssl=1","width":350,"height":200,"srcset":"https:\/\/i0.wp.com\/ecole-saint-joseph-44690.fr\/blog\/wp-content\/uploads\/2023\/03\/image-2.png?resize=350%2C200&ssl=1 1x, https:\/\/i0.wp.com\/ecole-saint-joseph-44690.fr\/blog\/wp-content\/uploads\/2023\/03\/image-2.png?resize=525%2C300&ssl=1 1.5x, https:\/\/i0.wp.com\/ecole-saint-joseph-44690.fr\/blog\/wp-content\/uploads\/2023\/03\/image-2.png?resize=700%2C400&ssl=1 2x, https:\/\/i0.wp.com\/ecole-saint-joseph-44690.fr\/blog\/wp-content\/uploads\/2023\/03\/image-2.png?resize=1050%2C600&ssl=1 3x, https:\/\/i0.wp.com\/ecole-saint-joseph-44690.fr\/blog\/wp-content\/uploads\/2023\/03\/image-2.png?resize=1400%2C800&ssl=1 4x"},"classes":[]},{"id":8610,"url":"https:\/\/ecole-saint-joseph-44690.fr\/blog\/?p=8610","url_meta":{"origin":8306,"position":3},"title":"VOYAGE DES CM1\/CM2 EN ESPAGNE","author":"S\u00e9bastien JACOB","date":"30 mars 2025","format":false,"excerpt":"Les \u00e9l\u00e8ves de CM1 et CM2 se sont envol\u00e9s vers la ville de Los Corrales de Buelna, en Espagne, jumel\u00e9e avec la Haye Fouassi\u00e8re. ( https:\/\/www.facebook.com\/jumelage.lhf.lcdb )1er jour Apr\u00e8s un long temps de jeux dehors \u00e0 profiter du soleil et du paysage, premier temps de veill\u00e9e pour les \u00e9l\u00e8ves.2eme jour\u2026","rel":"","context":"Dans &quot;CM1&quot;","block_context":{"text":"CM1","link":"https:\/\/ecole-saint-joseph-44690.fr\/blog\/?cat=92"},"img":{"alt_text":"","src":"https:\/\/i0.wp.com\/ecole-saint-joseph-44690.fr\/blog\/wp-content\/uploads\/2025\/03\/488165733_1252816673379099_8410486082268166882_n-150x150.jpg?resize=350%2C200&ssl=1","width":350,"height":200,"srcset":"https:\/\/i0.wp.com\/ecole-saint-joseph-44690.fr\/blog\/wp-content\/uploads\/2025\/03\/488165733_1252816673379099_8410486082268166882_n-150x150.jpg?resize=350%2C200&ssl=1 1x, https:\/\/i0.wp.com\/ecole-saint-joseph-44690.fr\/blog\/wp-content\/uploads\/2025\/03\/488165733_1252816673379099_8410486082268166882_n-150x150.jpg?resize=525%2C300&ssl=1 1.5x, https:\/\/i0.wp.com\/ecole-saint-joseph-44690.fr\/blog\/wp-content\/uploads\/2025\/03\/488165733_1252816673379099_8410486082268166882_n-150x150.jpg?resize=700%2C400&ssl=1 2x, https:\/\/i0.wp.com\/ecole-saint-joseph-44690.fr\/blog\/wp-content\/uploads\/2025\/03\/488165733_1252816673379099_8410486082268166882_n-150x150.jpg?resize=1050%2C600&ssl=1 3x, https:\/\/i0.wp.com\/ecole-saint-joseph-44690.fr\/blog\/wp-content\/uploads\/2025\/03\/488165733_1252816673379099_8410486082268166882_n-150x150.jpg?resize=1400%2C800&ssl=1 4x"},"classes":[]},{"id":8432,"url":"https:\/\/ecole-saint-joseph-44690.fr\/blog\/?p=8432","url_meta":{"origin":8306,"position":4},"title":"CROSS inter \u00e9coles du coll\u00e8ge","author":"S\u00e9bastien JACOB","date":"29 septembre 2023","format":false,"excerpt":"Les \u00e9l\u00e8ves de CM1 et CM2 ont particip\u00e9 ce matin \u00e0 un cross au Coll\u00e8ge St Gabriel.","rel":"","context":"Dans &quot;CM1&quot;","block_context":{"text":"CM1","link":"https:\/\/ecole-saint-joseph-44690.fr\/blog\/?cat=92"},"img":{"alt_text":"","src":"https:\/\/i0.wp.com\/ecole-saint-joseph-44690.fr\/blog\/wp-content\/uploads\/2023\/10\/image-7.png?resize=350%2C200&ssl=1","width":350,"height":200,"srcset":"https:\/\/i0.wp.com\/ecole-saint-joseph-44690.fr\/blog\/wp-content\/uploads\/2023\/10\/image-7.png?resize=350%2C200&ssl=1 1x, https:\/\/i0.wp.com\/ecole-saint-joseph-44690.fr\/blog\/wp-content\/uploads\/2023\/10\/image-7.png?resize=525%2C300&ssl=1 1.5x, https:\/\/i0.wp.com\/ecole-saint-joseph-44690.fr\/blog\/wp-content\/uploads\/2023\/10\/image-7.png?resize=700%2C400&ssl=1 2x"},"classes":[]},{"id":8463,"url":"https:\/\/ecole-saint-joseph-44690.fr\/blog\/?p=8463","url_meta":{"origin":8306,"position":5},"title":"Remise du ch\u00e8que du bol de riz d\u2019avril 2023","author":"S\u00e9bastien JACOB","date":"13 octobre 2023","format":false,"excerpt":"Remise du ch\u00e8que du bol de riz d\u2019avril 2023 \u00e0 l\u2019association l\u2019Arche - Le s\u00e9nev\u00e9 \u00e0 la Haye fouassiere. Cela a servi \u00e0 financer leur p\u00e8lerinage \u00e0 J\u00e9rusalem qui avait eu lieu\u00a0en\u00a0mars\u00a02023.","rel":"","context":"Dans &quot;Cantine&quot;","block_context":{"text":"Cantine","link":"https:\/\/ecole-saint-joseph-44690.fr\/blog\/?cat=29"},"img":{"alt_text":"","src":"https:\/\/i0.wp.com\/ecole-saint-joseph-44690.fr\/blog\/wp-content\/uploads\/2023\/10\/WhatsApp-Image-2023-10-14-a-09.50.29_bed425c1.jpg?resize=350%2C200&ssl=1","width":350,"height":200,"srcset":"https:\/\/i0.wp.com\/ecole-saint-joseph-44690.fr\/blog\/wp-content\/uploads\/2023\/10\/WhatsApp-Image-2023-10-14-a-09.50.29_bed425c1.jpg?resize=350%2C200&ssl=1 1x, https:\/\/i0.wp.com\/ecole-saint-joseph-44690.fr\/blog\/wp-content\/uploads\/2023\/10\/WhatsApp-Image-2023-10-14-a-09.50.29_bed425c1.jpg?resize=525%2C300&ssl=1 1.5x, https:\/\/i0.wp.com\/ecole-saint-joseph-44690.fr\/blog\/wp-content\/uploads\/2023\/10\/WhatsApp-Image-2023-10-14-a-09.50.29_bed425c1.jpg?resize=700%2C400&ssl=1 2x"},"classes":[]}],"_links":{"self":[{"href":"https:\/\/ecole-saint-joseph-44690.fr\/blog\/index.php?rest_route=\/wp\/v2\/posts\/8306","targetHints":{"allow":["GET"]}}],"collection":[{"href":"https:\/\/ecole-saint-joseph-44690.fr\/blog\/index.php?rest_route=\/wp\/v2\/posts"}],"about":[{"href":"https:\/\/ecole-saint-joseph-44690.fr\/blog\/index.php?rest_route=\/wp\/v2\/types\/post"}],"author":[{"embeddable":true,"href":"https:\/\/ecole-saint-joseph-44690.fr\/blog\/index.php?rest_route=\/wp\/v2\/users\/4"}],"replies":[{"embeddable":true,"href":"https:\/\/ecole-saint-joseph-44690.fr\/blog\/index.php?rest_route=%2Fwp%2Fv2%2Fcomments&post=8306"}],"version-history":[{"count":1,"href":"https:\/\/ecole-saint-joseph-44690.fr\/blog\/index.php?rest_route=\/wp\/v2\/posts\/8306\/revisions"}],"predecessor-version":[{"id":8312,"href":"https:\/\/ecole-saint-joseph-44690.fr\/blog\/index.php?rest_route=\/wp\/v2\/posts\/8306\/revisions\/8312"}],"wp:attachment":[{"href":"https:\/\/ecole-saint-joseph-44690.fr\/blog\/index.php?rest_route=%2Fwp%2Fv2%2Fmedia&parent=8306"}],"wp:term":[{"taxonomy":"category","embeddable":true,"href":"https:\/\/ecole-saint-joseph-44690.fr\/blog\/index.php?rest_route=%2Fwp%2Fv2%2Fcategories&post=8306"},{"taxonomy":"post_tag","embeddable":true,"href":"https:\/\/ecole-saint-joseph-44690.fr\/blog\/index.php?rest_route=%2Fwp%2Fv2%2Ftags&post=8306"}],"curies":[{"name":"wp","href":"https:\/\/api.w.org\/{rel}","templated":true}]}}