{"id":8277,"date":"2023-05-15T12:17:46","date_gmt":"2023-05-15T10:17:46","guid":{"rendered":"https:\/\/ecole-saint-joseph-44690.fr\/blog\/?p=8277"},"modified":"2023-06-07T12:20:01","modified_gmt":"2023-06-07T10:20:01","slug":"sortie-scolaire","status":"publish","type":"post","link":"https:\/\/ecole-saint-joseph-44690.fr\/blog\/?p=8277","title":{"rendered":"SORTIE SCOLAIRE"},"content":{"rendered":"\n<p>Les \u00e9l\u00e8ves de GS, CP, CE1 et CE2 ont profit\u00e9 d&rsquo;une superbe journ\u00e9e \u00e0 T\u00e9pacap !<\/p>\n\n\n\n<figure class=\"wp-block-image size-full\"><a href=\"https:\/\/ecole-saint-joseph-44690.fr\/blog\/wp-content\/uploads\/2023\/06\/345219753_784880463099236_5441825421013636885_n.jpg\"><img loading=\"lazy\" decoding=\"async\" width=\"1024\" height=\"768\" data-attachment-id=\"8278\" data-permalink=\"https:\/\/ecole-saint-joseph-44690.fr\/blog\/?attachment_id=8278\" data-orig-file=\"https:\/\/ecole-saint-joseph-44690.fr\/blog\/wp-content\/uploads\/2023\/06\/345219753_784880463099236_5441825421013636885_n.jpg\" data-orig-size=\"1024,768\" data-comments-opened=\"1\" data-image-meta=\"{&quot;aperture&quot;:&quot;0&quot;,&quot;credit&quot;:&quot;&quot;,&quot;camera&quot;:&quot;&quot;,&quot;caption&quot;:&quot;&quot;,&quot;created_timestamp&quot;:&quot;0&quot;,&quot;copyright&quot;:&quot;&quot;,&quot;focal_length&quot;:&quot;0&quot;,&quot;iso&quot;:&quot;0&quot;,&quot;shutter_speed&quot;:&quot;0&quot;,&quot;title&quot;:&quot;&quot;,&quot;orientation&quot;:&quot;0&quot;}\" data-image-title=\"345219753_784880463099236_5441825421013636885_n\" data-image-description=\"\" data-image-caption=\"\" data-large-file=\"https:\/\/ecole-saint-joseph-44690.fr\/blog\/wp-content\/uploads\/2023\/06\/345219753_784880463099236_5441825421013636885_n.jpg\" src=\"https:\/\/ecole-saint-joseph-44690.fr\/blog\/wp-content\/uploads\/2023\/06\/345219753_784880463099236_5441825421013636885_n.jpg\" alt=\"\" class=\"wp-image-8278\" srcset=\"https:\/\/ecole-saint-joseph-44690.fr\/blog\/wp-content\/uploads\/2023\/06\/345219753_784880463099236_5441825421013636885_n.jpg 1024w, https:\/\/ecole-saint-joseph-44690.fr\/blog\/wp-content\/uploads\/2023\/06\/345219753_784880463099236_5441825421013636885_n-300x225.jpg 300w, https:\/\/ecole-saint-joseph-44690.fr\/blog\/wp-content\/uploads\/2023\/06\/345219753_784880463099236_5441825421013636885_n-768x576.jpg 768w\" sizes=\"auto, (max-width: 1024px) 100vw, 1024px\" \/><\/a><\/figure>\n\n\n\n<figure class=\"wp-block-image size-full\"><a href=\"https:\/\/ecole-saint-joseph-44690.fr\/blog\/wp-content\/uploads\/2023\/06\/345653482_1164976321568134_6669072900263270369_n.jpg\"><img loading=\"lazy\" decoding=\"async\" width=\"1024\" height=\"768\" data-attachment-id=\"8279\" data-permalink=\"https:\/\/ecole-saint-joseph-44690.fr\/blog\/?attachment_id=8279\" data-orig-file=\"https:\/\/ecole-saint-joseph-44690.fr\/blog\/wp-content\/uploads\/2023\/06\/345653482_1164976321568134_6669072900263270369_n.jpg\" data-orig-size=\"1024,768\" data-comments-opened=\"1\" data-image-meta=\"{&quot;aperture&quot;:&quot;0&quot;,&quot;credit&quot;:&quot;&quot;,&quot;camera&quot;:&quot;&quot;,&quot;caption&quot;:&quot;&quot;,&quot;created_timestamp&quot;:&quot;0&quot;,&quot;copyright&quot;:&quot;&quot;,&quot;focal_length&quot;:&quot;0&quot;,&quot;iso&quot;:&quot;0&quot;,&quot;shutter_speed&quot;:&quot;0&quot;,&quot;title&quot;:&quot;&quot;,&quot;orientation&quot;:&quot;0&quot;}\" data-image-title=\"345653482_1164976321568134_6669072900263270369_n\" data-image-description=\"\" data-image-caption=\"\" data-large-file=\"https:\/\/ecole-saint-joseph-44690.fr\/blog\/wp-content\/uploads\/2023\/06\/345653482_1164976321568134_6669072900263270369_n.jpg\" src=\"https:\/\/ecole-saint-joseph-44690.fr\/blog\/wp-content\/uploads\/2023\/06\/345653482_1164976321568134_6669072900263270369_n.jpg\" alt=\"\" class=\"wp-image-8279\" srcset=\"https:\/\/ecole-saint-joseph-44690.fr\/blog\/wp-content\/uploads\/2023\/06\/345653482_1164976321568134_6669072900263270369_n.jpg 1024w, https:\/\/ecole-saint-joseph-44690.fr\/blog\/wp-content\/uploads\/2023\/06\/345653482_1164976321568134_6669072900263270369_n-300x225.jpg 300w, https:\/\/ecole-saint-joseph-44690.fr\/blog\/wp-content\/uploads\/2023\/06\/345653482_1164976321568134_6669072900263270369_n-768x576.jpg 768w\" sizes=\"auto, (max-width: 1024px) 100vw, 1024px\" \/><\/a><\/figure>\n\n\n\n<figure class=\"wp-block-gallery has-nested-images columns-default is-cropped wp-block-gallery-1 is-layout-flex wp-block-gallery-is-layout-flex\">\n<figure class=\"wp-block-image size-large\"><a href=\"https:\/\/ecole-saint-joseph-44690.fr\/blog\/wp-content\/uploads\/2023\/06\/345312522_792724775586161_6025313720384670533_n.jpg\"><img loading=\"lazy\" decoding=\"async\" width=\"1024\" height=\"768\" data-attachment-id=\"8280\" data-permalink=\"https:\/\/ecole-saint-joseph-44690.fr\/blog\/?attachment_id=8280\" data-orig-file=\"https:\/\/ecole-saint-joseph-44690.fr\/blog\/wp-content\/uploads\/2023\/06\/345312522_792724775586161_6025313720384670533_n.jpg\" data-orig-size=\"1024,768\" data-comments-opened=\"1\" data-image-meta=\"{&quot;aperture&quot;:&quot;0&quot;,&quot;credit&quot;:&quot;&quot;,&quot;camera&quot;:&quot;&quot;,&quot;caption&quot;:&quot;&quot;,&quot;created_timestamp&quot;:&quot;0&quot;,&quot;copyright&quot;:&quot;&quot;,&quot;focal_length&quot;:&quot;0&quot;,&quot;iso&quot;:&quot;0&quot;,&quot;shutter_speed&quot;:&quot;0&quot;,&quot;title&quot;:&quot;&quot;,&quot;orientation&quot;:&quot;0&quot;}\" data-image-title=\"345312522_792724775586161_6025313720384670533_n\" data-image-description=\"\" data-image-caption=\"\" data-large-file=\"https:\/\/ecole-saint-joseph-44690.fr\/blog\/wp-content\/uploads\/2023\/06\/345312522_792724775586161_6025313720384670533_n.jpg\" data-id=\"8280\" src=\"https:\/\/ecole-saint-joseph-44690.fr\/blog\/wp-content\/uploads\/2023\/06\/345312522_792724775586161_6025313720384670533_n.jpg\" alt=\"\" class=\"wp-image-8280\" srcset=\"https:\/\/ecole-saint-joseph-44690.fr\/blog\/wp-content\/uploads\/2023\/06\/345312522_792724775586161_6025313720384670533_n.jpg 1024w, https:\/\/ecole-saint-joseph-44690.fr\/blog\/wp-content\/uploads\/2023\/06\/345312522_792724775586161_6025313720384670533_n-300x225.jpg 300w, https:\/\/ecole-saint-joseph-44690.fr\/blog\/wp-content\/uploads\/2023\/06\/345312522_792724775586161_6025313720384670533_n-768x576.jpg 768w\" sizes=\"auto, (max-width: 1024px) 100vw, 1024px\" \/><\/a><\/figure>\n\n\n\n<figure class=\"wp-block-image size-large\"><a href=\"https:\/\/ecole-saint-joseph-44690.fr\/blog\/wp-content\/uploads\/2023\/06\/345034077_921256212261676_5129977055003159944_n.jpg\"><img loading=\"lazy\" decoding=\"async\" width=\"768\" height=\"1024\" data-attachment-id=\"8285\" data-permalink=\"https:\/\/ecole-saint-joseph-44690.fr\/blog\/?attachment_id=8285\" data-orig-file=\"https:\/\/ecole-saint-joseph-44690.fr\/blog\/wp-content\/uploads\/2023\/06\/345034077_921256212261676_5129977055003159944_n.jpg\" data-orig-size=\"768,1024\" data-comments-opened=\"1\" data-image-meta=\"{&quot;aperture&quot;:&quot;0&quot;,&quot;credit&quot;:&quot;&quot;,&quot;camera&quot;:&quot;&quot;,&quot;caption&quot;:&quot;&quot;,&quot;created_timestamp&quot;:&quot;0&quot;,&quot;copyright&quot;:&quot;&quot;,&quot;focal_length&quot;:&quot;0&quot;,&quot;iso&quot;:&quot;0&quot;,&quot;shutter_speed&quot;:&quot;0&quot;,&quot;title&quot;:&quot;&quot;,&quot;orientation&quot;:&quot;0&quot;}\" data-image-title=\"345034077_921256212261676_5129977055003159944_n\" data-image-description=\"\" data-image-caption=\"\" data-large-file=\"https:\/\/ecole-saint-joseph-44690.fr\/blog\/wp-content\/uploads\/2023\/06\/345034077_921256212261676_5129977055003159944_n.jpg\" data-id=\"8285\" src=\"https:\/\/ecole-saint-joseph-44690.fr\/blog\/wp-content\/uploads\/2023\/06\/345034077_921256212261676_5129977055003159944_n.jpg\" alt=\"\" class=\"wp-image-8285\" srcset=\"https:\/\/ecole-saint-joseph-44690.fr\/blog\/wp-content\/uploads\/2023\/06\/345034077_921256212261676_5129977055003159944_n.jpg 768w, https:\/\/ecole-saint-joseph-44690.fr\/blog\/wp-content\/uploads\/2023\/06\/345034077_921256212261676_5129977055003159944_n-225x300.jpg 225w\" sizes=\"auto, (max-width: 768px) 100vw, 768px\" \/><\/a><\/figure>\n\n\n\n<figure class=\"wp-block-image size-large\"><a href=\"https:\/\/ecole-saint-joseph-44690.fr\/blog\/wp-content\/uploads\/2023\/06\/345028221_915231086404517_891503717833043836_n.jpg\"><img loading=\"lazy\" decoding=\"async\" width=\"1024\" height=\"768\" data-attachment-id=\"8286\" data-permalink=\"https:\/\/ecole-saint-joseph-44690.fr\/blog\/?attachment_id=8286\" data-orig-file=\"https:\/\/ecole-saint-joseph-44690.fr\/blog\/wp-content\/uploads\/2023\/06\/345028221_915231086404517_891503717833043836_n.jpg\" data-orig-size=\"1024,768\" data-comments-opened=\"1\" data-image-meta=\"{&quot;aperture&quot;:&quot;0&quot;,&quot;credit&quot;:&quot;&quot;,&quot;camera&quot;:&quot;&quot;,&quot;caption&quot;:&quot;&quot;,&quot;created_timestamp&quot;:&quot;0&quot;,&quot;copyright&quot;:&quot;&quot;,&quot;focal_length&quot;:&quot;0&quot;,&quot;iso&quot;:&quot;0&quot;,&quot;shutter_speed&quot;:&quot;0&quot;,&quot;title&quot;:&quot;&quot;,&quot;orientation&quot;:&quot;0&quot;}\" data-image-title=\"345028221_915231086404517_891503717833043836_n\" data-image-description=\"\" data-image-caption=\"\" data-large-file=\"https:\/\/ecole-saint-joseph-44690.fr\/blog\/wp-content\/uploads\/2023\/06\/345028221_915231086404517_891503717833043836_n.jpg\" data-id=\"8286\" src=\"https:\/\/ecole-saint-joseph-44690.fr\/blog\/wp-content\/uploads\/2023\/06\/345028221_915231086404517_891503717833043836_n.jpg\" alt=\"\" class=\"wp-image-8286\" srcset=\"https:\/\/ecole-saint-joseph-44690.fr\/blog\/wp-content\/uploads\/2023\/06\/345028221_915231086404517_891503717833043836_n.jpg 1024w, https:\/\/ecole-saint-joseph-44690.fr\/blog\/wp-content\/uploads\/2023\/06\/345028221_915231086404517_891503717833043836_n-300x225.jpg 300w, https:\/\/ecole-saint-joseph-44690.fr\/blog\/wp-content\/uploads\/2023\/06\/345028221_915231086404517_891503717833043836_n-768x576.jpg 768w\" sizes=\"auto, (max-width: 1024px) 100vw, 1024px\" \/><\/a><\/figure>\n\n\n\n<figure class=\"wp-block-image size-large\"><a href=\"https:\/\/ecole-saint-joseph-44690.fr\/blog\/wp-content\/uploads\/2023\/06\/347265516_808363733597386_192153126006824896_n.jpg\"><img loading=\"lazy\" decoding=\"async\" width=\"768\" height=\"1024\" data-attachment-id=\"8282\" data-permalink=\"https:\/\/ecole-saint-joseph-44690.fr\/blog\/?attachment_id=8282\" data-orig-file=\"https:\/\/ecole-saint-joseph-44690.fr\/blog\/wp-content\/uploads\/2023\/06\/347265516_808363733597386_192153126006824896_n.jpg\" data-orig-size=\"768,1024\" data-comments-opened=\"1\" data-image-meta=\"{&quot;aperture&quot;:&quot;0&quot;,&quot;credit&quot;:&quot;&quot;,&quot;camera&quot;:&quot;&quot;,&quot;caption&quot;:&quot;&quot;,&quot;created_timestamp&quot;:&quot;0&quot;,&quot;copyright&quot;:&quot;&quot;,&quot;focal_length&quot;:&quot;0&quot;,&quot;iso&quot;:&quot;0&quot;,&quot;shutter_speed&quot;:&quot;0&quot;,&quot;title&quot;:&quot;&quot;,&quot;orientation&quot;:&quot;0&quot;}\" data-image-title=\"347265516_808363733597386_192153126006824896_n\" data-image-description=\"\" data-image-caption=\"\" data-large-file=\"https:\/\/ecole-saint-joseph-44690.fr\/blog\/wp-content\/uploads\/2023\/06\/347265516_808363733597386_192153126006824896_n.jpg\" data-id=\"8282\" src=\"https:\/\/ecole-saint-joseph-44690.fr\/blog\/wp-content\/uploads\/2023\/06\/347265516_808363733597386_192153126006824896_n.jpg\" alt=\"\" class=\"wp-image-8282\" srcset=\"https:\/\/ecole-saint-joseph-44690.fr\/blog\/wp-content\/uploads\/2023\/06\/347265516_808363733597386_192153126006824896_n.jpg 768w, https:\/\/ecole-saint-joseph-44690.fr\/blog\/wp-content\/uploads\/2023\/06\/347265516_808363733597386_192153126006824896_n-225x300.jpg 225w\" sizes=\"auto, (max-width: 768px) 100vw, 768px\" \/><\/a><\/figure>\n\n\n\n<figure class=\"wp-block-image size-large\"><a href=\"https:\/\/ecole-saint-joseph-44690.fr\/blog\/wp-content\/uploads\/2023\/06\/344924001_978660956638413_1417499719840246862_n.jpg\"><img loading=\"lazy\" decoding=\"async\" width=\"1024\" height=\"768\" data-attachment-id=\"8284\" data-permalink=\"https:\/\/ecole-saint-joseph-44690.fr\/blog\/?attachment_id=8284\" data-orig-file=\"https:\/\/ecole-saint-joseph-44690.fr\/blog\/wp-content\/uploads\/2023\/06\/344924001_978660956638413_1417499719840246862_n.jpg\" data-orig-size=\"1024,768\" data-comments-opened=\"1\" data-image-meta=\"{&quot;aperture&quot;:&quot;0&quot;,&quot;credit&quot;:&quot;&quot;,&quot;camera&quot;:&quot;&quot;,&quot;caption&quot;:&quot;&quot;,&quot;created_timestamp&quot;:&quot;0&quot;,&quot;copyright&quot;:&quot;&quot;,&quot;focal_length&quot;:&quot;0&quot;,&quot;iso&quot;:&quot;0&quot;,&quot;shutter_speed&quot;:&quot;0&quot;,&quot;title&quot;:&quot;&quot;,&quot;orientation&quot;:&quot;0&quot;}\" data-image-title=\"344924001_978660956638413_1417499719840246862_n\" data-image-description=\"\" data-image-caption=\"\" data-large-file=\"https:\/\/ecole-saint-joseph-44690.fr\/blog\/wp-content\/uploads\/2023\/06\/344924001_978660956638413_1417499719840246862_n.jpg\" data-id=\"8284\" src=\"https:\/\/ecole-saint-joseph-44690.fr\/blog\/wp-content\/uploads\/2023\/06\/344924001_978660956638413_1417499719840246862_n.jpg\" alt=\"\" class=\"wp-image-8284\" srcset=\"https:\/\/ecole-saint-joseph-44690.fr\/blog\/wp-content\/uploads\/2023\/06\/344924001_978660956638413_1417499719840246862_n.jpg 1024w, https:\/\/ecole-saint-joseph-44690.fr\/blog\/wp-content\/uploads\/2023\/06\/344924001_978660956638413_1417499719840246862_n-300x225.jpg 300w, https:\/\/ecole-saint-joseph-44690.fr\/blog\/wp-content\/uploads\/2023\/06\/344924001_978660956638413_1417499719840246862_n-768x576.jpg 768w\" sizes=\"auto, (max-width: 1024px) 100vw, 1024px\" \/><\/a><\/figure>\n\n\n\n<figure class=\"wp-block-image size-large\"><a href=\"https:\/\/ecole-saint-joseph-44690.fr\/blog\/wp-content\/uploads\/2023\/06\/345469197_1402843730537807_3985924527886125045_n.jpg\"><img loading=\"lazy\" decoding=\"async\" width=\"1024\" height=\"768\" data-attachment-id=\"8283\" data-permalink=\"https:\/\/ecole-saint-joseph-44690.fr\/blog\/?attachment_id=8283\" data-orig-file=\"https:\/\/ecole-saint-joseph-44690.fr\/blog\/wp-content\/uploads\/2023\/06\/345469197_1402843730537807_3985924527886125045_n.jpg\" data-orig-size=\"1024,768\" data-comments-opened=\"1\" data-image-meta=\"{&quot;aperture&quot;:&quot;0&quot;,&quot;credit&quot;:&quot;&quot;,&quot;camera&quot;:&quot;&quot;,&quot;caption&quot;:&quot;&quot;,&quot;created_timestamp&quot;:&quot;0&quot;,&quot;copyright&quot;:&quot;&quot;,&quot;focal_length&quot;:&quot;0&quot;,&quot;iso&quot;:&quot;0&quot;,&quot;shutter_speed&quot;:&quot;0&quot;,&quot;title&quot;:&quot;&quot;,&quot;orientation&quot;:&quot;0&quot;}\" data-image-title=\"345469197_1402843730537807_3985924527886125045_n\" data-image-description=\"\" data-image-caption=\"\" data-large-file=\"https:\/\/ecole-saint-joseph-44690.fr\/blog\/wp-content\/uploads\/2023\/06\/345469197_1402843730537807_3985924527886125045_n.jpg\" data-id=\"8283\" src=\"https:\/\/ecole-saint-joseph-44690.fr\/blog\/wp-content\/uploads\/2023\/06\/345469197_1402843730537807_3985924527886125045_n.jpg\" alt=\"\" class=\"wp-image-8283\" srcset=\"https:\/\/ecole-saint-joseph-44690.fr\/blog\/wp-content\/uploads\/2023\/06\/345469197_1402843730537807_3985924527886125045_n.jpg 1024w, https:\/\/ecole-saint-joseph-44690.fr\/blog\/wp-content\/uploads\/2023\/06\/345469197_1402843730537807_3985924527886125045_n-300x225.jpg 300w, https:\/\/ecole-saint-joseph-44690.fr\/blog\/wp-content\/uploads\/2023\/06\/345469197_1402843730537807_3985924527886125045_n-768x576.jpg 768w\" sizes=\"auto, (max-width: 1024px) 100vw, 1024px\" \/><\/a><\/figure>\n\n\n\n<figure class=\"wp-block-image size-large\"><a href=\"https:\/\/ecole-saint-joseph-44690.fr\/blog\/wp-content\/uploads\/2023\/06\/345033058_1429173527900531_2461554510562822458_n.jpg\"><img loading=\"lazy\" decoding=\"async\" width=\"1024\" height=\"768\" data-attachment-id=\"8281\" data-permalink=\"https:\/\/ecole-saint-joseph-44690.fr\/blog\/?attachment_id=8281\" data-orig-file=\"https:\/\/ecole-saint-joseph-44690.fr\/blog\/wp-content\/uploads\/2023\/06\/345033058_1429173527900531_2461554510562822458_n.jpg\" data-orig-size=\"1024,768\" data-comments-opened=\"1\" data-image-meta=\"{&quot;aperture&quot;:&quot;0&quot;,&quot;credit&quot;:&quot;&quot;,&quot;camera&quot;:&quot;&quot;,&quot;caption&quot;:&quot;&quot;,&quot;created_timestamp&quot;:&quot;0&quot;,&quot;copyright&quot;:&quot;&quot;,&quot;focal_length&quot;:&quot;0&quot;,&quot;iso&quot;:&quot;0&quot;,&quot;shutter_speed&quot;:&quot;0&quot;,&quot;title&quot;:&quot;&quot;,&quot;orientation&quot;:&quot;0&quot;}\" data-image-title=\"345033058_1429173527900531_2461554510562822458_n\" data-image-description=\"\" data-image-caption=\"\" data-large-file=\"https:\/\/ecole-saint-joseph-44690.fr\/blog\/wp-content\/uploads\/2023\/06\/345033058_1429173527900531_2461554510562822458_n.jpg\" data-id=\"8281\" src=\"https:\/\/ecole-saint-joseph-44690.fr\/blog\/wp-content\/uploads\/2023\/06\/345033058_1429173527900531_2461554510562822458_n.jpg\" alt=\"\" class=\"wp-image-8281\" srcset=\"https:\/\/ecole-saint-joseph-44690.fr\/blog\/wp-content\/uploads\/2023\/06\/345033058_1429173527900531_2461554510562822458_n.jpg 1024w, https:\/\/ecole-saint-joseph-44690.fr\/blog\/wp-content\/uploads\/2023\/06\/345033058_1429173527900531_2461554510562822458_n-300x225.jpg 300w, https:\/\/ecole-saint-joseph-44690.fr\/blog\/wp-content\/uploads\/2023\/06\/345033058_1429173527900531_2461554510562822458_n-768x576.jpg 768w\" sizes=\"auto, (max-width: 1024px) 100vw, 1024px\" \/><\/a><\/figure>\n<\/figure>\n","protected":false},"excerpt":{"rendered":"<p>Les \u00e9l\u00e8ves de GS, CP, CE1 et CE2 ont profit\u00e9 d&rsquo;une superbe journ\u00e9e \u00e0 T\u00e9pacap !<\/p>\n","protected":false},"author":4,"featured_media":0,"comment_status":"open","ping_status":"open","sticky":false,"template":"","format":"standard","meta":{"jetpack_post_was_ever_published":false,"_jetpack_newsletter_access":"","_jetpack_dont_email_post_to_subs":false,"_jetpack_newsletter_tier_id":0,"_jetpack_memberships_contains_paywalled_content":false,"_jetpack_memberships_contains_paid_content":false,"footnotes":"","jetpack_publicize_message":"","jetpack_publicize_feature_enabled":true,"jetpack_social_post_already_shared":true,"jetpack_social_options":{"image_generator_settings":{"template":"highway","default_image_id":0,"font":"","enabled":false},"version":2}},"categories":[90,91,60,11,35,38,39],"tags":[],"class_list":["post-8277","post","type-post","status-publish","format-standard","hentry","category-ce1","category-ce2","category-cp","category-ecole","category-gs","category-maternelle","category-primaire"],"jetpack_publicize_connections":[],"jetpack_featured_media_url":"","jetpack_sharing_enabled":true,"jetpack_shortlink":"https:\/\/wp.me\/p5G85k-29v","jetpack_likes_enabled":true,"jetpack-related-posts":[{"id":8440,"url":"https:\/\/ecole-saint-joseph-44690.fr\/blog\/?p=8440","url_meta":{"origin":8277,"position":0},"title":"C\u00c9R\u00c9MONIE DE LA FLAMME","author":"S\u00e9bastien JACOB","date":"12 octobre 2023","format":false,"excerpt":"Une flamme, symbolisant la flamme olympique, est partie de notre \u00e9cole aujourd'hui vers la Chapelle Heulin. Sur un relais de presque 9km les \u00e9l\u00e8ves des classes de CM ont \u00e9t\u00e9 accompagn\u00e9 par des \u00e9l\u00e8ves du coll\u00e8ge St Gabriel et du lyc\u00e9e de Briac\u00e9. Les \u00e9l\u00e8ves ont profit\u00e9 de l'occasion pour\u2026","rel":"","context":"Dans &quot;CE1&quot;","block_context":{"text":"CE1","link":"https:\/\/ecole-saint-joseph-44690.fr\/blog\/?cat=90"},"img":{"alt_text":"","src":"https:\/\/i0.wp.com\/ecole-saint-joseph-44690.fr\/blog\/wp-content\/uploads\/2023\/10\/image-12.png?resize=350%2C200&ssl=1","width":350,"height":200,"srcset":"https:\/\/i0.wp.com\/ecole-saint-joseph-44690.fr\/blog\/wp-content\/uploads\/2023\/10\/image-12.png?resize=350%2C200&ssl=1 1x, https:\/\/i0.wp.com\/ecole-saint-joseph-44690.fr\/blog\/wp-content\/uploads\/2023\/10\/image-12.png?resize=525%2C300&ssl=1 1.5x, https:\/\/i0.wp.com\/ecole-saint-joseph-44690.fr\/blog\/wp-content\/uploads\/2023\/10\/image-12.png?resize=700%2C400&ssl=1 2x"},"classes":[]},{"id":8587,"url":"https:\/\/ecole-saint-joseph-44690.fr\/blog\/?p=8587","url_meta":{"origin":8277,"position":1},"title":"QUART D\u2019HEURE DE LECTURE","author":"S\u00e9bastien JACOB","date":"11 mars 2025","format":false,"excerpt":"Quand la m\u00e9t\u00e9o permet de vivre la journ\u00e9e nationale du 1\/4 h de lecture dehors pour les petits (\u00e9coute d\u2019histoires) et pour les grands. Ce que toutes les classes organisent tous les jours de la semaine apr\u00e8s la pause m\u00e9ridienne sans attendre cette journ\u00e9e.","rel":"","context":"Dans &quot;CE1&quot;","block_context":{"text":"CE1","link":"https:\/\/ecole-saint-joseph-44690.fr\/blog\/?cat=90"},"img":{"alt_text":"","src":"https:\/\/i0.wp.com\/ecole-saint-joseph-44690.fr\/blog\/wp-content\/uploads\/2025\/03\/image-1.png?resize=350%2C200&ssl=1","width":350,"height":200,"srcset":"https:\/\/i0.wp.com\/ecole-saint-joseph-44690.fr\/blog\/wp-content\/uploads\/2025\/03\/image-1.png?resize=350%2C200&ssl=1 1x, https:\/\/i0.wp.com\/ecole-saint-joseph-44690.fr\/blog\/wp-content\/uploads\/2025\/03\/image-1.png?resize=525%2C300&ssl=1 1.5x, https:\/\/i0.wp.com\/ecole-saint-joseph-44690.fr\/blog\/wp-content\/uploads\/2025\/03\/image-1.png?resize=700%2C400&ssl=1 2x, https:\/\/i0.wp.com\/ecole-saint-joseph-44690.fr\/blog\/wp-content\/uploads\/2025\/03\/image-1.png?resize=1050%2C600&ssl=1 3x"},"classes":[]},{"id":8424,"url":"https:\/\/ecole-saint-joseph-44690.fr\/blog\/?p=8424","url_meta":{"origin":8277,"position":2},"title":"FETE DE LA RENTREE 2023\/24","author":"S\u00e9bastien JACOB","date":"22 septembre 2023","format":false,"excerpt":"Une belle f\u00eate de la rentr\u00e9e, \u00e0 la fin de la c\u00e9l\u00e9bration, les enfants ont r\u00e9alis\u00e9 un vitrail qui restera expos\u00e9 \u00e0 la cantine toute l'ann\u00e9e. Les nouvelles familles ont \u00e9t\u00e9 accueillies et les enfants parrains\/marraines et filleuls ont chant\u00e9 tous ensemble \"Dire bonjour c'est joli\" !","rel":"","context":"Dans &quot;CE1&quot;","block_context":{"text":"CE1","link":"https:\/\/ecole-saint-joseph-44690.fr\/blog\/?cat=90"},"img":{"alt_text":"","src":"https:\/\/i0.wp.com\/ecole-saint-joseph-44690.fr\/blog\/wp-content\/uploads\/2023\/10\/image-4.png?resize=350%2C200&ssl=1","width":350,"height":200,"srcset":"https:\/\/i0.wp.com\/ecole-saint-joseph-44690.fr\/blog\/wp-content\/uploads\/2023\/10\/image-4.png?resize=350%2C200&ssl=1 1x, https:\/\/i0.wp.com\/ecole-saint-joseph-44690.fr\/blog\/wp-content\/uploads\/2023\/10\/image-4.png?resize=525%2C300&ssl=1 1.5x, https:\/\/i0.wp.com\/ecole-saint-joseph-44690.fr\/blog\/wp-content\/uploads\/2023\/10\/image-4.png?resize=700%2C400&ssl=1 2x"},"classes":[]},{"id":8379,"url":"https:\/\/ecole-saint-joseph-44690.fr\/blog\/?p=8379","url_meta":{"origin":8277,"position":3},"title":"KERMESSE du 25 Juin 2023","author":"S\u00e9bastien JACOB","date":"25 juin 2023","format":false,"excerpt":"Jour de f\u00eate aux moulins des landes ! Une tr\u00e8s belle kermesse sous le signe du soleil. Un grand merci \u00e0 l'APEL pour l'organisation de cette journ\u00e9e, \u00e0 l'\u00e9quipe \u00e9ducative et aux parents qui ont donn\u00e9 de leur temps pour tenir un stand ou aider au d\u00e9montage. Et bravo aux\u2026","rel":"","context":"Dans &quot;APEL&quot;","block_context":{"text":"APEL","link":"https:\/\/ecole-saint-joseph-44690.fr\/blog\/?cat=42"},"img":{"alt_text":"","src":"https:\/\/i0.wp.com\/ecole-saint-joseph-44690.fr\/blog\/wp-content\/uploads\/2023\/07\/349190738_787565609904210_8564667885985460067_n-150x150.jpg?resize=350%2C200&ssl=1","width":350,"height":200,"srcset":"https:\/\/i0.wp.com\/ecole-saint-joseph-44690.fr\/blog\/wp-content\/uploads\/2023\/07\/349190738_787565609904210_8564667885985460067_n-150x150.jpg?resize=350%2C200&ssl=1 1x, https:\/\/i0.wp.com\/ecole-saint-joseph-44690.fr\/blog\/wp-content\/uploads\/2023\/07\/349190738_787565609904210_8564667885985460067_n-150x150.jpg?resize=525%2C300&ssl=1 1.5x, https:\/\/i0.wp.com\/ecole-saint-joseph-44690.fr\/blog\/wp-content\/uploads\/2023\/07\/349190738_787565609904210_8564667885985460067_n-150x150.jpg?resize=700%2C400&ssl=1 2x, https:\/\/i0.wp.com\/ecole-saint-joseph-44690.fr\/blog\/wp-content\/uploads\/2023\/07\/349190738_787565609904210_8564667885985460067_n-150x150.jpg?resize=1050%2C600&ssl=1 3x, https:\/\/i0.wp.com\/ecole-saint-joseph-44690.fr\/blog\/wp-content\/uploads\/2023\/07\/349190738_787565609904210_8564667885985460067_n-150x150.jpg?resize=1400%2C800&ssl=1 4x"},"classes":[]},{"id":8690,"url":"https:\/\/ecole-saint-joseph-44690.fr\/blog\/?p=8690","url_meta":{"origin":8277,"position":4},"title":"PORTES OUVERTES samedi 10 janvier 2026 de 10h \u00e0 12h","author":"S\u00e9bastien JACOB","date":"29 d\u00e9cembre 2025","format":false,"excerpt":"\u00a0\u00e0 vos agendas !Les portes ouvertes de l\u2019\u00e9cole auront lieu\u00a0le samedi 10 janvier 2026 de 10h \u00e0 12h,\u00a0venez visiter l\u2019\u00e9cole, rencontrer les enseignantes et les membres de l\u2019APEL. Nous vous esp\u00e9rons nombreux \u00e0 d\u00e9couvrir nos fonctionnements de classe avec vos enfants.","rel":"","context":"Dans &quot;CE1&quot;","block_context":{"text":"CE1","link":"https:\/\/ecole-saint-joseph-44690.fr\/blog\/?cat=90"},"img":{"alt_text":"","src":"https:\/\/i0.wp.com\/ecole-saint-joseph-44690.fr\/blog\/wp-content\/uploads\/2025\/12\/JPO-ecole_affiche_Plan-de-travail-1-1.jpg?resize=350%2C200&ssl=1","width":350,"height":200,"srcset":"https:\/\/i0.wp.com\/ecole-saint-joseph-44690.fr\/blog\/wp-content\/uploads\/2025\/12\/JPO-ecole_affiche_Plan-de-travail-1-1.jpg?resize=350%2C200&ssl=1 1x, https:\/\/i0.wp.com\/ecole-saint-joseph-44690.fr\/blog\/wp-content\/uploads\/2025\/12\/JPO-ecole_affiche_Plan-de-travail-1-1.jpg?resize=525%2C300&ssl=1 1.5x, https:\/\/i0.wp.com\/ecole-saint-joseph-44690.fr\/blog\/wp-content\/uploads\/2025\/12\/JPO-ecole_affiche_Plan-de-travail-1-1.jpg?resize=700%2C400&ssl=1 2x, https:\/\/i0.wp.com\/ecole-saint-joseph-44690.fr\/blog\/wp-content\/uploads\/2025\/12\/JPO-ecole_affiche_Plan-de-travail-1-1.jpg?resize=1050%2C600&ssl=1 3x, https:\/\/i0.wp.com\/ecole-saint-joseph-44690.fr\/blog\/wp-content\/uploads\/2025\/12\/JPO-ecole_affiche_Plan-de-travail-1-1.jpg?resize=1400%2C800&ssl=1 4x"},"classes":[]},{"id":8361,"url":"https:\/\/ecole-saint-joseph-44690.fr\/blog\/?p=8361","url_meta":{"origin":8277,"position":5},"title":"KERMESSE 25 JUIN 2023","author":"S\u00e9bastien JACOB","date":"23 juin 2023","format":false,"excerpt":"","rel":"","context":"Dans &quot;APEL&quot;","block_context":{"text":"APEL","link":"https:\/\/ecole-saint-joseph-44690.fr\/blog\/?cat=42"},"img":{"alt_text":"","src":"https:\/\/i0.wp.com\/ecole-saint-joseph-44690.fr\/blog\/wp-content\/uploads\/2023\/06\/image.png?resize=350%2C200&ssl=1","width":350,"height":200,"srcset":"https:\/\/i0.wp.com\/ecole-saint-joseph-44690.fr\/blog\/wp-content\/uploads\/2023\/06\/image.png?resize=350%2C200&ssl=1 1x, https:\/\/i0.wp.com\/ecole-saint-joseph-44690.fr\/blog\/wp-content\/uploads\/2023\/06\/image.png?resize=525%2C300&ssl=1 1.5x, https:\/\/i0.wp.com\/ecole-saint-joseph-44690.fr\/blog\/wp-content\/uploads\/2023\/06\/image.png?resize=700%2C400&ssl=1 2x, https:\/\/i0.wp.com\/ecole-saint-joseph-44690.fr\/blog\/wp-content\/uploads\/2023\/06\/image.png?resize=1050%2C600&ssl=1 3x"},"classes":[]}],"_links":{"self":[{"href":"https:\/\/ecole-saint-joseph-44690.fr\/blog\/index.php?rest_route=\/wp\/v2\/posts\/8277","targetHints":{"allow":["GET"]}}],"collection":[{"href":"https:\/\/ecole-saint-joseph-44690.fr\/blog\/index.php?rest_route=\/wp\/v2\/posts"}],"about":[{"href":"https:\/\/ecole-saint-joseph-44690.fr\/blog\/index.php?rest_route=\/wp\/v2\/types\/post"}],"author":[{"embeddable":true,"href":"https:\/\/ecole-saint-joseph-44690.fr\/blog\/index.php?rest_route=\/wp\/v2\/users\/4"}],"replies":[{"embeddable":true,"href":"https:\/\/ecole-saint-joseph-44690.fr\/blog\/index.php?rest_route=%2Fwp%2Fv2%2Fcomments&post=8277"}],"version-history":[{"count":1,"href":"https:\/\/ecole-saint-joseph-44690.fr\/blog\/index.php?rest_route=\/wp\/v2\/posts\/8277\/revisions"}],"predecessor-version":[{"id":8287,"href":"https:\/\/ecole-saint-joseph-44690.fr\/blog\/index.php?rest_route=\/wp\/v2\/posts\/8277\/revisions\/8287"}],"wp:attachment":[{"href":"https:\/\/ecole-saint-joseph-44690.fr\/blog\/index.php?rest_route=%2Fwp%2Fv2%2Fmedia&parent=8277"}],"wp:term":[{"taxonomy":"category","embeddable":true,"href":"https:\/\/ecole-saint-joseph-44690.fr\/blog\/index.php?rest_route=%2Fwp%2Fv2%2Fcategories&post=8277"},{"taxonomy":"post_tag","embeddable":true,"href":"https:\/\/ecole-saint-joseph-44690.fr\/blog\/index.php?rest_route=%2Fwp%2Fv2%2Ftags&post=8277"}],"curies":[{"name":"wp","href":"https:\/\/api.w.org\/{rel}","templated":true}]}}