{"id":8272,"date":"2023-05-11T18:00:00","date_gmt":"2023-05-11T16:00:00","guid":{"rendered":"https:\/\/ecole-saint-joseph-44690.fr\/blog\/?p=8272"},"modified":"2023-06-07T12:15:51","modified_gmt":"2023-06-07T10:15:51","slug":"commemorations-du-8-mai","status":"publish","type":"post","link":"https:\/\/ecole-saint-joseph-44690.fr\/blog\/?p=8272","title":{"rendered":"COMMEMORATIONS DU 8 MAI"},"content":{"rendered":"\n<p>Suite aux comm\u00e9morations o\u00f9 quelques enfants de l\u2019\u00e9cole ont pu assister, une apr\u00e8s-midi consacr\u00e9e \u00e0 la seconde guerre mondiale a \u00e9t\u00e9 organis\u00e9e le 11 mai.<\/p>\n\n\n\n<p>Les \u00e9l\u00e8ves de primaire ont pu rencontrer un t\u00e9moin des bombardements de Nantes, Robert Courtois qui a racont\u00e9 ses souvenirs d\u2019enfant. L\u2019association le Souvenir Fran\u00e7ais comit\u00e9 Vertou et Vignoble repr\u00e9sent\u00e9 par J\u00e9r\u00f4me Bocquillon a propos\u00e9 des vestiges militaires dont une pi\u00e8ce d\u2019avion bombard\u00e9e.<\/p>\n\n\n\n<p>Merci <a><\/a>aux parents et grands parents d\u2019\u00eatre venus \u00e0 cette animation.<\/p>\n\n\n\n<figure class=\"wp-block-image size-full\"><a href=\"https:\/\/ecole-saint-joseph-44690.fr\/blog\/wp-content\/uploads\/2023\/06\/WhatsApp-Image-2023-05-14-at-16.13.30.jpeg\"><img loading=\"lazy\" decoding=\"async\" width=\"1024\" height=\"768\" data-attachment-id=\"8273\" data-permalink=\"https:\/\/ecole-saint-joseph-44690.fr\/blog\/?attachment_id=8273\" data-orig-file=\"https:\/\/ecole-saint-joseph-44690.fr\/blog\/wp-content\/uploads\/2023\/06\/WhatsApp-Image-2023-05-14-at-16.13.30.jpeg\" data-orig-size=\"1024,768\" data-comments-opened=\"1\" data-image-meta=\"{&quot;aperture&quot;:&quot;0&quot;,&quot;credit&quot;:&quot;&quot;,&quot;camera&quot;:&quot;&quot;,&quot;caption&quot;:&quot;&quot;,&quot;created_timestamp&quot;:&quot;0&quot;,&quot;copyright&quot;:&quot;&quot;,&quot;focal_length&quot;:&quot;0&quot;,&quot;iso&quot;:&quot;0&quot;,&quot;shutter_speed&quot;:&quot;0&quot;,&quot;title&quot;:&quot;&quot;,&quot;orientation&quot;:&quot;0&quot;}\" data-image-title=\"WhatsApp-Image-2023-05-14-at-16.13.30\" data-image-description=\"\" data-image-caption=\"\" data-large-file=\"https:\/\/ecole-saint-joseph-44690.fr\/blog\/wp-content\/uploads\/2023\/06\/WhatsApp-Image-2023-05-14-at-16.13.30.jpeg\" src=\"https:\/\/ecole-saint-joseph-44690.fr\/blog\/wp-content\/uploads\/2023\/06\/WhatsApp-Image-2023-05-14-at-16.13.30.jpeg\" alt=\"\" class=\"wp-image-8273\" srcset=\"https:\/\/ecole-saint-joseph-44690.fr\/blog\/wp-content\/uploads\/2023\/06\/WhatsApp-Image-2023-05-14-at-16.13.30.jpeg 1024w, https:\/\/ecole-saint-joseph-44690.fr\/blog\/wp-content\/uploads\/2023\/06\/WhatsApp-Image-2023-05-14-at-16.13.30-300x225.jpeg 300w, https:\/\/ecole-saint-joseph-44690.fr\/blog\/wp-content\/uploads\/2023\/06\/WhatsApp-Image-2023-05-14-at-16.13.30-768x576.jpeg 768w\" sizes=\"auto, (max-width: 1024px) 100vw, 1024px\" \/><\/a><\/figure>\n\n\n\n<figure class=\"wp-block-image size-full\"><a href=\"https:\/\/ecole-saint-joseph-44690.fr\/blog\/wp-content\/uploads\/2023\/06\/WhatsApp-Image-2023-05-14-at-16.13.34.jpeg\"><img loading=\"lazy\" decoding=\"async\" width=\"1024\" height=\"768\" data-attachment-id=\"8274\" data-permalink=\"https:\/\/ecole-saint-joseph-44690.fr\/blog\/?attachment_id=8274\" data-orig-file=\"https:\/\/ecole-saint-joseph-44690.fr\/blog\/wp-content\/uploads\/2023\/06\/WhatsApp-Image-2023-05-14-at-16.13.34.jpeg\" data-orig-size=\"1024,768\" data-comments-opened=\"1\" data-image-meta=\"{&quot;aperture&quot;:&quot;0&quot;,&quot;credit&quot;:&quot;&quot;,&quot;camera&quot;:&quot;&quot;,&quot;caption&quot;:&quot;&quot;,&quot;created_timestamp&quot;:&quot;0&quot;,&quot;copyright&quot;:&quot;&quot;,&quot;focal_length&quot;:&quot;0&quot;,&quot;iso&quot;:&quot;0&quot;,&quot;shutter_speed&quot;:&quot;0&quot;,&quot;title&quot;:&quot;&quot;,&quot;orientation&quot;:&quot;0&quot;}\" data-image-title=\"WhatsApp-Image-2023-05-14-at-16.13.34\" data-image-description=\"\" data-image-caption=\"\" data-large-file=\"https:\/\/ecole-saint-joseph-44690.fr\/blog\/wp-content\/uploads\/2023\/06\/WhatsApp-Image-2023-05-14-at-16.13.34.jpeg\" src=\"https:\/\/ecole-saint-joseph-44690.fr\/blog\/wp-content\/uploads\/2023\/06\/WhatsApp-Image-2023-05-14-at-16.13.34.jpeg\" alt=\"\" class=\"wp-image-8274\" srcset=\"https:\/\/ecole-saint-joseph-44690.fr\/blog\/wp-content\/uploads\/2023\/06\/WhatsApp-Image-2023-05-14-at-16.13.34.jpeg 1024w, https:\/\/ecole-saint-joseph-44690.fr\/blog\/wp-content\/uploads\/2023\/06\/WhatsApp-Image-2023-05-14-at-16.13.34-300x225.jpeg 300w, https:\/\/ecole-saint-joseph-44690.fr\/blog\/wp-content\/uploads\/2023\/06\/WhatsApp-Image-2023-05-14-at-16.13.34-768x576.jpeg 768w\" sizes=\"auto, (max-width: 1024px) 100vw, 1024px\" \/><\/a><\/figure>\n\n\n\n<figure class=\"wp-block-image size-full\"><a href=\"https:\/\/ecole-saint-joseph-44690.fr\/blog\/wp-content\/uploads\/2023\/06\/WhatsApp-Image-2023-05-14-at-16.13.34-1.jpeg\"><img loading=\"lazy\" decoding=\"async\" width=\"1024\" height=\"768\" data-attachment-id=\"8275\" data-permalink=\"https:\/\/ecole-saint-joseph-44690.fr\/blog\/?attachment_id=8275\" data-orig-file=\"https:\/\/ecole-saint-joseph-44690.fr\/blog\/wp-content\/uploads\/2023\/06\/WhatsApp-Image-2023-05-14-at-16.13.34-1.jpeg\" data-orig-size=\"1024,768\" data-comments-opened=\"1\" data-image-meta=\"{&quot;aperture&quot;:&quot;0&quot;,&quot;credit&quot;:&quot;&quot;,&quot;camera&quot;:&quot;&quot;,&quot;caption&quot;:&quot;&quot;,&quot;created_timestamp&quot;:&quot;0&quot;,&quot;copyright&quot;:&quot;&quot;,&quot;focal_length&quot;:&quot;0&quot;,&quot;iso&quot;:&quot;0&quot;,&quot;shutter_speed&quot;:&quot;0&quot;,&quot;title&quot;:&quot;&quot;,&quot;orientation&quot;:&quot;0&quot;}\" data-image-title=\"WhatsApp-Image-2023-05-14-at-16.13.34-1\" data-image-description=\"\" data-image-caption=\"\" data-large-file=\"https:\/\/ecole-saint-joseph-44690.fr\/blog\/wp-content\/uploads\/2023\/06\/WhatsApp-Image-2023-05-14-at-16.13.34-1.jpeg\" src=\"https:\/\/ecole-saint-joseph-44690.fr\/blog\/wp-content\/uploads\/2023\/06\/WhatsApp-Image-2023-05-14-at-16.13.34-1.jpeg\" alt=\"\" class=\"wp-image-8275\" srcset=\"https:\/\/ecole-saint-joseph-44690.fr\/blog\/wp-content\/uploads\/2023\/06\/WhatsApp-Image-2023-05-14-at-16.13.34-1.jpeg 1024w, https:\/\/ecole-saint-joseph-44690.fr\/blog\/wp-content\/uploads\/2023\/06\/WhatsApp-Image-2023-05-14-at-16.13.34-1-300x225.jpeg 300w, https:\/\/ecole-saint-joseph-44690.fr\/blog\/wp-content\/uploads\/2023\/06\/WhatsApp-Image-2023-05-14-at-16.13.34-1-768x576.jpeg 768w\" sizes=\"auto, (max-width: 1024px) 100vw, 1024px\" \/><\/a><\/figure>\n","protected":false},"excerpt":{"rendered":"<p>Suite aux comm\u00e9morations o\u00f9 quelques enfants de l\u2019\u00e9cole ont pu assister, une apr\u00e8s-midi consacr\u00e9e \u00e0 la seconde guerre mondiale a \u00e9t\u00e9 organis\u00e9e le 11 mai. Les \u00e9l\u00e8ves de primaire ont pu rencontrer un t\u00e9moin des bombardements de Nantes, Robert Courtois qui a racont\u00e9 ses souvenirs d\u2019enfant. L\u2019association le Souvenir Fran\u00e7ais comit\u00e9 Vertou et Vignoble repr\u00e9sent\u00e9 &hellip; <a href=\"https:\/\/ecole-saint-joseph-44690.fr\/blog\/?p=8272\" class=\"more-link\">Continuer la lecture de <span class=\"screen-reader-text\">COMMEMORATIONS DU 8 MAI<\/span>  <span class=\"meta-nav\">&rarr;<\/span><\/a><\/p>\n","protected":false},"author":4,"featured_media":0,"comment_status":"open","ping_status":"open","sticky":false,"template":"","format":"standard","meta":{"jetpack_post_was_ever_published":false,"_jetpack_newsletter_access":"","_jetpack_dont_email_post_to_subs":false,"_jetpack_newsletter_tier_id":0,"_jetpack_memberships_contains_paywalled_content":false,"_jetpack_memberships_contains_paid_content":false,"footnotes":"","jetpack_publicize_message":"","jetpack_publicize_feature_enabled":true,"jetpack_social_post_already_shared":true,"jetpack_social_options":{"image_generator_settings":{"template":"highway","default_image_id":0,"font":"","enabled":false},"version":2}},"categories":[11,39],"tags":[],"class_list":["post-8272","post","type-post","status-publish","format-standard","hentry","category-ecole","category-primaire"],"jetpack_publicize_connections":[],"jetpack_featured_media_url":"","jetpack_sharing_enabled":true,"jetpack_shortlink":"https:\/\/wp.me\/p5G85k-29q","jetpack_likes_enabled":true,"jetpack-related-posts":[{"id":8566,"url":"https:\/\/ecole-saint-joseph-44690.fr\/blog\/?p=8566","url_meta":{"origin":8272,"position":0},"title":"Comm\u00e9morations du 11 novembre","author":"S\u00e9bastien JACOB","date":"11 novembre 2024","format":false,"excerpt":"Merci \u00e0 tous les parents d\u2019avoir accompagn\u00e9 leurs enfants aux comm\u00e9morations du 11 novembre. Comme le discours le disait justement ce matin demeurons les \u00ab\u00a0sentinelles des vivants\u00a0\u00bb en souvenir de tous les hommes morts pour\u00a0la\u00a0libert\u00e9. Merci \u00e0 Maelann qui a \u00e9crit un tr\u00e8s beau texte avec le CME et \u00e0\u2026","rel":"","context":"Dans &quot;G\u00e9n\u00e9ral&quot;","block_context":{"text":"G\u00e9n\u00e9ral","link":"https:\/\/ecole-saint-joseph-44690.fr\/blog\/?cat=1"},"img":{"alt_text":"","src":"https:\/\/i0.wp.com\/ecole-saint-joseph-44690.fr\/blog\/wp-content\/uploads\/2024\/11\/WhatsApp-Image-2024-11-11-a-13.57.35_3b1f1d7f.jpg?resize=350%2C200&ssl=1","width":350,"height":200,"srcset":"https:\/\/i0.wp.com\/ecole-saint-joseph-44690.fr\/blog\/wp-content\/uploads\/2024\/11\/WhatsApp-Image-2024-11-11-a-13.57.35_3b1f1d7f.jpg?resize=350%2C200&ssl=1 1x, https:\/\/i0.wp.com\/ecole-saint-joseph-44690.fr\/blog\/wp-content\/uploads\/2024\/11\/WhatsApp-Image-2024-11-11-a-13.57.35_3b1f1d7f.jpg?resize=525%2C300&ssl=1 1.5x, https:\/\/i0.wp.com\/ecole-saint-joseph-44690.fr\/blog\/wp-content\/uploads\/2024\/11\/WhatsApp-Image-2024-11-11-a-13.57.35_3b1f1d7f.jpg?resize=700%2C400&ssl=1 2x, https:\/\/i0.wp.com\/ecole-saint-joseph-44690.fr\/blog\/wp-content\/uploads\/2024\/11\/WhatsApp-Image-2024-11-11-a-13.57.35_3b1f1d7f.jpg?resize=1050%2C600&ssl=1 3x, https:\/\/i0.wp.com\/ecole-saint-joseph-44690.fr\/blog\/wp-content\/uploads\/2024\/11\/WhatsApp-Image-2024-11-11-a-13.57.35_3b1f1d7f.jpg?resize=1400%2C800&ssl=1 4x"},"classes":[]},{"id":8379,"url":"https:\/\/ecole-saint-joseph-44690.fr\/blog\/?p=8379","url_meta":{"origin":8272,"position":1},"title":"KERMESSE du 25 Juin 2023","author":"S\u00e9bastien JACOB","date":"25 juin 2023","format":false,"excerpt":"Jour de f\u00eate aux moulins des landes ! Une tr\u00e8s belle kermesse sous le signe du soleil. Un grand merci \u00e0 l'APEL pour l'organisation de cette journ\u00e9e, \u00e0 l'\u00e9quipe \u00e9ducative et aux parents qui ont donn\u00e9 de leur temps pour tenir un stand ou aider au d\u00e9montage. Et bravo aux\u2026","rel":"","context":"Dans &quot;APEL&quot;","block_context":{"text":"APEL","link":"https:\/\/ecole-saint-joseph-44690.fr\/blog\/?cat=42"},"img":{"alt_text":"","src":"https:\/\/i0.wp.com\/ecole-saint-joseph-44690.fr\/blog\/wp-content\/uploads\/2023\/07\/349190738_787565609904210_8564667885985460067_n-150x150.jpg?resize=350%2C200&ssl=1","width":350,"height":200,"srcset":"https:\/\/i0.wp.com\/ecole-saint-joseph-44690.fr\/blog\/wp-content\/uploads\/2023\/07\/349190738_787565609904210_8564667885985460067_n-150x150.jpg?resize=350%2C200&ssl=1 1x, https:\/\/i0.wp.com\/ecole-saint-joseph-44690.fr\/blog\/wp-content\/uploads\/2023\/07\/349190738_787565609904210_8564667885985460067_n-150x150.jpg?resize=525%2C300&ssl=1 1.5x, https:\/\/i0.wp.com\/ecole-saint-joseph-44690.fr\/blog\/wp-content\/uploads\/2023\/07\/349190738_787565609904210_8564667885985460067_n-150x150.jpg?resize=700%2C400&ssl=1 2x, https:\/\/i0.wp.com\/ecole-saint-joseph-44690.fr\/blog\/wp-content\/uploads\/2023\/07\/349190738_787565609904210_8564667885985460067_n-150x150.jpg?resize=1050%2C600&ssl=1 3x, https:\/\/i0.wp.com\/ecole-saint-joseph-44690.fr\/blog\/wp-content\/uploads\/2023\/07\/349190738_787565609904210_8564667885985460067_n-150x150.jpg?resize=1400%2C800&ssl=1 4x"},"classes":[]},{"id":8306,"url":"https:\/\/ecole-saint-joseph-44690.fr\/blog\/?p=8306","url_meta":{"origin":8272,"position":2},"title":"Journ\u00e9e sportive organis\u00e9e par les \u00e9coles St Joseph de la Haye Fouassi\u00e8re et de Chateau-Th\u00e9baud.","author":"S\u00e9bastien JACOB","date":"23 mai 2023","format":false,"excerpt":"Les \u00e9l\u00e8ves de primaire ont particip\u00e9 \u00e0 une journ\u00e9e sportive, organis\u00e9e par les \u00e9coles St Joseph de la Haye Fouassi\u00e8re et de Chateau-Th\u00e9baud. Un grand merci aux parents qui ont accompagn\u00e9 et contribu\u00e9 \u00e0 la r\u00e9ussite de cette journ\u00e9e.","rel":"","context":"Dans &quot;G\u00e9n\u00e9ral&quot;","block_context":{"text":"G\u00e9n\u00e9ral","link":"https:\/\/ecole-saint-joseph-44690.fr\/blog\/?cat=1"},"img":{"alt_text":"","src":"https:\/\/i0.wp.com\/ecole-saint-joseph-44690.fr\/blog\/wp-content\/uploads\/2023\/06\/345034927_954330522575547_7548137575666935523_n.jpg?resize=350%2C200&ssl=1","width":350,"height":200,"srcset":"https:\/\/i0.wp.com\/ecole-saint-joseph-44690.fr\/blog\/wp-content\/uploads\/2023\/06\/345034927_954330522575547_7548137575666935523_n.jpg?resize=350%2C200&ssl=1 1x, https:\/\/i0.wp.com\/ecole-saint-joseph-44690.fr\/blog\/wp-content\/uploads\/2023\/06\/345034927_954330522575547_7548137575666935523_n.jpg?resize=525%2C300&ssl=1 1.5x, https:\/\/i0.wp.com\/ecole-saint-joseph-44690.fr\/blog\/wp-content\/uploads\/2023\/06\/345034927_954330522575547_7548137575666935523_n.jpg?resize=700%2C400&ssl=1 2x"},"classes":[]},{"id":8247,"url":"https:\/\/ecole-saint-joseph-44690.fr\/blog\/?p=8247","url_meta":{"origin":8272,"position":3},"title":"Initiation au langage des signes aux \u00e9l\u00e8ves de CE1\/CE2 par les lyc\u00e9ens de Charles Peguy .","author":"S\u00e9bastien JACOB","date":"7 juin 2023","format":false,"excerpt":"Le mardi 06 juin , les \u00e9l\u00e8ves ont appris l\u2019alphabet, leur pr\u00e9nom et des expressions courantes.Cette initiation sera propos\u00e9e \u00e0 tous l\u2019ann\u00e9e prochaine.","rel":"","context":"Dans &quot;CE1&quot;","block_context":{"text":"CE1","link":"https:\/\/ecole-saint-joseph-44690.fr\/blog\/?cat=90"},"img":{"alt_text":"","src":"https:\/\/i0.wp.com\/ecole-saint-joseph-44690.fr\/blog\/wp-content\/uploads\/2023\/06\/WhatsApp-Image-2023-06-07-at-08.11.25-150x150.jpeg?resize=350%2C200&ssl=1","width":350,"height":200,"srcset":"https:\/\/i0.wp.com\/ecole-saint-joseph-44690.fr\/blog\/wp-content\/uploads\/2023\/06\/WhatsApp-Image-2023-06-07-at-08.11.25-150x150.jpeg?resize=350%2C200&ssl=1 1x, https:\/\/i0.wp.com\/ecole-saint-joseph-44690.fr\/blog\/wp-content\/uploads\/2023\/06\/WhatsApp-Image-2023-06-07-at-08.11.25-150x150.jpeg?resize=525%2C300&ssl=1 1.5x, https:\/\/i0.wp.com\/ecole-saint-joseph-44690.fr\/blog\/wp-content\/uploads\/2023\/06\/WhatsApp-Image-2023-06-07-at-08.11.25-150x150.jpeg?resize=700%2C400&ssl=1 2x"},"classes":[]},{"id":8440,"url":"https:\/\/ecole-saint-joseph-44690.fr\/blog\/?p=8440","url_meta":{"origin":8272,"position":4},"title":"C\u00c9R\u00c9MONIE DE LA FLAMME","author":"S\u00e9bastien JACOB","date":"12 octobre 2023","format":false,"excerpt":"Une flamme, symbolisant la flamme olympique, est partie de notre \u00e9cole aujourd'hui vers la Chapelle Heulin. Sur un relais de presque 9km les \u00e9l\u00e8ves des classes de CM ont \u00e9t\u00e9 accompagn\u00e9 par des \u00e9l\u00e8ves du coll\u00e8ge St Gabriel et du lyc\u00e9e de Briac\u00e9. Les \u00e9l\u00e8ves ont profit\u00e9 de l'occasion pour\u2026","rel":"","context":"Dans &quot;CE1&quot;","block_context":{"text":"CE1","link":"https:\/\/ecole-saint-joseph-44690.fr\/blog\/?cat=90"},"img":{"alt_text":"","src":"https:\/\/i0.wp.com\/ecole-saint-joseph-44690.fr\/blog\/wp-content\/uploads\/2023\/10\/image-12.png?resize=350%2C200&ssl=1","width":350,"height":200,"srcset":"https:\/\/i0.wp.com\/ecole-saint-joseph-44690.fr\/blog\/wp-content\/uploads\/2023\/10\/image-12.png?resize=350%2C200&ssl=1 1x, https:\/\/i0.wp.com\/ecole-saint-joseph-44690.fr\/blog\/wp-content\/uploads\/2023\/10\/image-12.png?resize=525%2C300&ssl=1 1.5x, https:\/\/i0.wp.com\/ecole-saint-joseph-44690.fr\/blog\/wp-content\/uploads\/2023\/10\/image-12.png?resize=700%2C400&ssl=1 2x"},"classes":[]},{"id":8424,"url":"https:\/\/ecole-saint-joseph-44690.fr\/blog\/?p=8424","url_meta":{"origin":8272,"position":5},"title":"FETE DE LA RENTREE 2023\/24","author":"S\u00e9bastien JACOB","date":"22 septembre 2023","format":false,"excerpt":"Une belle f\u00eate de la rentr\u00e9e, \u00e0 la fin de la c\u00e9l\u00e9bration, les enfants ont r\u00e9alis\u00e9 un vitrail qui restera expos\u00e9 \u00e0 la cantine toute l'ann\u00e9e. Les nouvelles familles ont \u00e9t\u00e9 accueillies et les enfants parrains\/marraines et filleuls ont chant\u00e9 tous ensemble \"Dire bonjour c'est joli\" !","rel":"","context":"Dans &quot;CE1&quot;","block_context":{"text":"CE1","link":"https:\/\/ecole-saint-joseph-44690.fr\/blog\/?cat=90"},"img":{"alt_text":"","src":"https:\/\/i0.wp.com\/ecole-saint-joseph-44690.fr\/blog\/wp-content\/uploads\/2023\/10\/image-4.png?resize=350%2C200&ssl=1","width":350,"height":200,"srcset":"https:\/\/i0.wp.com\/ecole-saint-joseph-44690.fr\/blog\/wp-content\/uploads\/2023\/10\/image-4.png?resize=350%2C200&ssl=1 1x, https:\/\/i0.wp.com\/ecole-saint-joseph-44690.fr\/blog\/wp-content\/uploads\/2023\/10\/image-4.png?resize=525%2C300&ssl=1 1.5x, https:\/\/i0.wp.com\/ecole-saint-joseph-44690.fr\/blog\/wp-content\/uploads\/2023\/10\/image-4.png?resize=700%2C400&ssl=1 2x"},"classes":[]}],"_links":{"self":[{"href":"https:\/\/ecole-saint-joseph-44690.fr\/blog\/index.php?rest_route=\/wp\/v2\/posts\/8272","targetHints":{"allow":["GET"]}}],"collection":[{"href":"https:\/\/ecole-saint-joseph-44690.fr\/blog\/index.php?rest_route=\/wp\/v2\/posts"}],"about":[{"href":"https:\/\/ecole-saint-joseph-44690.fr\/blog\/index.php?rest_route=\/wp\/v2\/types\/post"}],"author":[{"embeddable":true,"href":"https:\/\/ecole-saint-joseph-44690.fr\/blog\/index.php?rest_route=\/wp\/v2\/users\/4"}],"replies":[{"embeddable":true,"href":"https:\/\/ecole-saint-joseph-44690.fr\/blog\/index.php?rest_route=%2Fwp%2Fv2%2Fcomments&post=8272"}],"version-history":[{"count":1,"href":"https:\/\/ecole-saint-joseph-44690.fr\/blog\/index.php?rest_route=\/wp\/v2\/posts\/8272\/revisions"}],"predecessor-version":[{"id":8276,"href":"https:\/\/ecole-saint-joseph-44690.fr\/blog\/index.php?rest_route=\/wp\/v2\/posts\/8272\/revisions\/8276"}],"wp:attachment":[{"href":"https:\/\/ecole-saint-joseph-44690.fr\/blog\/index.php?rest_route=%2Fwp%2Fv2%2Fmedia&parent=8272"}],"wp:term":[{"taxonomy":"category","embeddable":true,"href":"https:\/\/ecole-saint-joseph-44690.fr\/blog\/index.php?rest_route=%2Fwp%2Fv2%2Fcategories&post=8272"},{"taxonomy":"post_tag","embeddable":true,"href":"https:\/\/ecole-saint-joseph-44690.fr\/blog\/index.php?rest_route=%2Fwp%2Fv2%2Ftags&post=8272"}],"curies":[{"name":"wp","href":"https:\/\/api.w.org\/{rel}","templated":true}]}}