{"id":8209,"date":"2023-03-26T17:04:10","date_gmt":"2023-03-26T15:04:10","guid":{"rendered":"https:\/\/ecole-saint-joseph-44690.fr\/blog\/?p=8209"},"modified":"2023-03-26T17:04:13","modified_gmt":"2023-03-26T15:04:13","slug":"vendredi-24-mars-les-eleves-ont-fete-la-st-joseph-19mars","status":"publish","type":"post","link":"https:\/\/ecole-saint-joseph-44690.fr\/blog\/?p=8209","title":{"rendered":"Vendredi 24 mars les \u00e9l\u00e8ves ont f\u00eat\u00e9 la St Joseph (19mars)"},"content":{"rendered":"\n<figure class=\"wp-block-gallery has-nested-images columns-default is-cropped wp-block-gallery-1 is-layout-flex wp-block-gallery-is-layout-flex\">\n<figure class=\"wp-block-image\"><img decoding=\"async\" src=\"https:\/\/ecole-saint-joseph-44690.fr\/blog\/wp-content\/uploads\/2023\/03\/337282951_551416253642373_6094616936804797262_n.jpg\" alt=\"L\u2019attribut alt de cette image est vide, son nom de fichier est 337282951_551416253642373_6094616936804797262_n.jpg.\"\/><\/figure>\n\n\n\n<figure class=\"wp-block-image size-large\"><a href=\"https:\/\/ecole-saint-joseph-44690.fr\/blog\/wp-content\/uploads\/2023\/03\/337292882_205109642126249_6864015919267817466_n.jpg\"><img loading=\"lazy\" decoding=\"async\" width=\"768\" height=\"1024\" data-attachment-id=\"8211\" data-permalink=\"https:\/\/ecole-saint-joseph-44690.fr\/blog\/?attachment_id=8211\" data-orig-file=\"https:\/\/ecole-saint-joseph-44690.fr\/blog\/wp-content\/uploads\/2023\/03\/337292882_205109642126249_6864015919267817466_n.jpg\" data-orig-size=\"768,1024\" data-comments-opened=\"1\" data-image-meta=\"{&quot;aperture&quot;:&quot;0&quot;,&quot;credit&quot;:&quot;&quot;,&quot;camera&quot;:&quot;&quot;,&quot;caption&quot;:&quot;&quot;,&quot;created_timestamp&quot;:&quot;0&quot;,&quot;copyright&quot;:&quot;&quot;,&quot;focal_length&quot;:&quot;0&quot;,&quot;iso&quot;:&quot;0&quot;,&quot;shutter_speed&quot;:&quot;0&quot;,&quot;title&quot;:&quot;&quot;,&quot;orientation&quot;:&quot;0&quot;}\" data-image-title=\"337292882_205109642126249_6864015919267817466_n\" data-image-description=\"\" data-image-caption=\"\" data-large-file=\"https:\/\/ecole-saint-joseph-44690.fr\/blog\/wp-content\/uploads\/2023\/03\/337292882_205109642126249_6864015919267817466_n.jpg\" data-id=\"8211\" src=\"https:\/\/ecole-saint-joseph-44690.fr\/blog\/wp-content\/uploads\/2023\/03\/337292882_205109642126249_6864015919267817466_n.jpg\" alt=\"\" class=\"wp-image-8211\" srcset=\"https:\/\/ecole-saint-joseph-44690.fr\/blog\/wp-content\/uploads\/2023\/03\/337292882_205109642126249_6864015919267817466_n.jpg 768w, https:\/\/ecole-saint-joseph-44690.fr\/blog\/wp-content\/uploads\/2023\/03\/337292882_205109642126249_6864015919267817466_n-225x300.jpg 225w\" sizes=\"auto, (max-width: 768px) 100vw, 768px\" \/><\/a><\/figure>\n\n\n\n<figure class=\"wp-block-image size-full\"><a href=\"https:\/\/ecole-saint-joseph-44690.fr\/blog\/wp-content\/uploads\/2023\/03\/337260644_909306427013924_2620563551535587587_n-1.jpg\"><img loading=\"lazy\" decoding=\"async\" width=\"1024\" height=\"768\" data-attachment-id=\"8214\" data-permalink=\"https:\/\/ecole-saint-joseph-44690.fr\/blog\/?attachment_id=8214\" data-orig-file=\"https:\/\/ecole-saint-joseph-44690.fr\/blog\/wp-content\/uploads\/2023\/03\/337260644_909306427013924_2620563551535587587_n-1.jpg\" data-orig-size=\"1024,768\" data-comments-opened=\"1\" data-image-meta=\"{&quot;aperture&quot;:&quot;0&quot;,&quot;credit&quot;:&quot;&quot;,&quot;camera&quot;:&quot;&quot;,&quot;caption&quot;:&quot;&quot;,&quot;created_timestamp&quot;:&quot;0&quot;,&quot;copyright&quot;:&quot;&quot;,&quot;focal_length&quot;:&quot;0&quot;,&quot;iso&quot;:&quot;0&quot;,&quot;shutter_speed&quot;:&quot;0&quot;,&quot;title&quot;:&quot;&quot;,&quot;orientation&quot;:&quot;0&quot;}\" data-image-title=\"337260644_909306427013924_2620563551535587587_n-1\" data-image-description=\"\" data-image-caption=\"\" data-large-file=\"https:\/\/ecole-saint-joseph-44690.fr\/blog\/wp-content\/uploads\/2023\/03\/337260644_909306427013924_2620563551535587587_n-1.jpg\" data-id=\"8214\" src=\"https:\/\/ecole-saint-joseph-44690.fr\/blog\/wp-content\/uploads\/2023\/03\/337260644_909306427013924_2620563551535587587_n-1.jpg\" alt=\"\" class=\"wp-image-8214\" srcset=\"https:\/\/ecole-saint-joseph-44690.fr\/blog\/wp-content\/uploads\/2023\/03\/337260644_909306427013924_2620563551535587587_n-1.jpg 1024w, https:\/\/ecole-saint-joseph-44690.fr\/blog\/wp-content\/uploads\/2023\/03\/337260644_909306427013924_2620563551535587587_n-1-300x225.jpg 300w, https:\/\/ecole-saint-joseph-44690.fr\/blog\/wp-content\/uploads\/2023\/03\/337260644_909306427013924_2620563551535587587_n-1-768x576.jpg 768w\" sizes=\"auto, (max-width: 1024px) 100vw, 1024px\" \/><\/a><\/figure>\n<\/figure>\n\n\n\n<p> Les personnes s\u2019occupant de la cat\u00e9ch\u00e8se (Mmes Hardy, Petit, Caignon et Onufryk) ont pr\u00e9par\u00e9 des ateliers pour d\u00e9couvrir St Joseph et ses qualit\u00e9s. <br>L\u2019apr\u00e8s midi s\u2019est termin\u00e9 par un temps spirituel en pr\u00e9sence de P\u00e8re Didier.<\/p>\n\n\n\n<p>Un beau moment de partage.<br><br><\/p>\n\n\n\n<figure class=\"wp-block-image size-full\"><a href=\"https:\/\/ecole-saint-joseph-44690.fr\/blog\/wp-content\/uploads\/2023\/03\/image-5.png\"><img loading=\"lazy\" decoding=\"async\" width=\"1024\" height=\"768\" data-attachment-id=\"8217\" data-permalink=\"https:\/\/ecole-saint-joseph-44690.fr\/blog\/?attachment_id=8217\" data-orig-file=\"https:\/\/ecole-saint-joseph-44690.fr\/blog\/wp-content\/uploads\/2023\/03\/image-5.png\" data-orig-size=\"1024,768\" data-comments-opened=\"1\" data-image-meta=\"{&quot;aperture&quot;:&quot;0&quot;,&quot;credit&quot;:&quot;&quot;,&quot;camera&quot;:&quot;&quot;,&quot;caption&quot;:&quot;&quot;,&quot;created_timestamp&quot;:&quot;0&quot;,&quot;copyright&quot;:&quot;&quot;,&quot;focal_length&quot;:&quot;0&quot;,&quot;iso&quot;:&quot;0&quot;,&quot;shutter_speed&quot;:&quot;0&quot;,&quot;title&quot;:&quot;&quot;,&quot;orientation&quot;:&quot;0&quot;}\" data-image-title=\"image-5\" data-image-description=\"\" data-image-caption=\"\" data-large-file=\"https:\/\/ecole-saint-joseph-44690.fr\/blog\/wp-content\/uploads\/2023\/03\/image-5.png\" src=\"https:\/\/ecole-saint-joseph-44690.fr\/blog\/wp-content\/uploads\/2023\/03\/image-5.png\" alt=\"\" class=\"wp-image-8217\" srcset=\"https:\/\/ecole-saint-joseph-44690.fr\/blog\/wp-content\/uploads\/2023\/03\/image-5.png 1024w, https:\/\/ecole-saint-joseph-44690.fr\/blog\/wp-content\/uploads\/2023\/03\/image-5-300x225.png 300w, https:\/\/ecole-saint-joseph-44690.fr\/blog\/wp-content\/uploads\/2023\/03\/image-5-768x576.png 768w\" sizes=\"auto, (max-width: 1024px) 100vw, 1024px\" \/><\/a><\/figure>\n\n\n\n<figure class=\"wp-block-image size-full\"><a href=\"https:\/\/ecole-saint-joseph-44690.fr\/blog\/wp-content\/uploads\/2023\/03\/image-3.png\"><img loading=\"lazy\" decoding=\"async\" width=\"1024\" height=\"768\" data-attachment-id=\"8215\" data-permalink=\"https:\/\/ecole-saint-joseph-44690.fr\/blog\/?attachment_id=8215\" data-orig-file=\"https:\/\/ecole-saint-joseph-44690.fr\/blog\/wp-content\/uploads\/2023\/03\/image-3.png\" data-orig-size=\"1024,768\" data-comments-opened=\"1\" data-image-meta=\"{&quot;aperture&quot;:&quot;0&quot;,&quot;credit&quot;:&quot;&quot;,&quot;camera&quot;:&quot;&quot;,&quot;caption&quot;:&quot;&quot;,&quot;created_timestamp&quot;:&quot;0&quot;,&quot;copyright&quot;:&quot;&quot;,&quot;focal_length&quot;:&quot;0&quot;,&quot;iso&quot;:&quot;0&quot;,&quot;shutter_speed&quot;:&quot;0&quot;,&quot;title&quot;:&quot;&quot;,&quot;orientation&quot;:&quot;0&quot;}\" data-image-title=\"image-3\" data-image-description=\"\" data-image-caption=\"\" data-large-file=\"https:\/\/ecole-saint-joseph-44690.fr\/blog\/wp-content\/uploads\/2023\/03\/image-3.png\" src=\"https:\/\/ecole-saint-joseph-44690.fr\/blog\/wp-content\/uploads\/2023\/03\/image-3.png\" alt=\"\" class=\"wp-image-8215\" srcset=\"https:\/\/ecole-saint-joseph-44690.fr\/blog\/wp-content\/uploads\/2023\/03\/image-3.png 1024w, https:\/\/ecole-saint-joseph-44690.fr\/blog\/wp-content\/uploads\/2023\/03\/image-3-300x225.png 300w, https:\/\/ecole-saint-joseph-44690.fr\/blog\/wp-content\/uploads\/2023\/03\/image-3-768x576.png 768w\" sizes=\"auto, (max-width: 1024px) 100vw, 1024px\" \/><\/a><\/figure>\n\n\n\n<figure class=\"wp-block-image size-full\"><a href=\"https:\/\/ecole-saint-joseph-44690.fr\/blog\/wp-content\/uploads\/2023\/03\/image-4.png\"><img loading=\"lazy\" decoding=\"async\" width=\"1024\" height=\"768\" data-attachment-id=\"8216\" data-permalink=\"https:\/\/ecole-saint-joseph-44690.fr\/blog\/?attachment_id=8216\" data-orig-file=\"https:\/\/ecole-saint-joseph-44690.fr\/blog\/wp-content\/uploads\/2023\/03\/image-4.png\" data-orig-size=\"1024,768\" data-comments-opened=\"1\" data-image-meta=\"{&quot;aperture&quot;:&quot;0&quot;,&quot;credit&quot;:&quot;&quot;,&quot;camera&quot;:&quot;&quot;,&quot;caption&quot;:&quot;&quot;,&quot;created_timestamp&quot;:&quot;0&quot;,&quot;copyright&quot;:&quot;&quot;,&quot;focal_length&quot;:&quot;0&quot;,&quot;iso&quot;:&quot;0&quot;,&quot;shutter_speed&quot;:&quot;0&quot;,&quot;title&quot;:&quot;&quot;,&quot;orientation&quot;:&quot;0&quot;}\" data-image-title=\"image-4\" data-image-description=\"\" data-image-caption=\"\" data-large-file=\"https:\/\/ecole-saint-joseph-44690.fr\/blog\/wp-content\/uploads\/2023\/03\/image-4.png\" src=\"https:\/\/ecole-saint-joseph-44690.fr\/blog\/wp-content\/uploads\/2023\/03\/image-4.png\" alt=\"\" class=\"wp-image-8216\" srcset=\"https:\/\/ecole-saint-joseph-44690.fr\/blog\/wp-content\/uploads\/2023\/03\/image-4.png 1024w, https:\/\/ecole-saint-joseph-44690.fr\/blog\/wp-content\/uploads\/2023\/03\/image-4-300x225.png 300w, https:\/\/ecole-saint-joseph-44690.fr\/blog\/wp-content\/uploads\/2023\/03\/image-4-768x576.png 768w\" sizes=\"auto, (max-width: 1024px) 100vw, 1024px\" \/><\/a><\/figure>\n","protected":false},"excerpt":{"rendered":"<p>Les personnes s\u2019occupant de la cat\u00e9ch\u00e8se (Mmes Hardy, Petit, Caignon et Onufryk) ont pr\u00e9par\u00e9 des ateliers pour d\u00e9couvrir St Joseph et ses qualit\u00e9s. L\u2019apr\u00e8s midi s\u2019est termin\u00e9 par un temps spirituel en pr\u00e9sence de P\u00e8re Didier. Un beau moment de partage.<\/p>\n","protected":false},"author":4,"featured_media":0,"comment_status":"open","ping_status":"open","sticky":false,"template":"","format":"standard","meta":{"jetpack_post_was_ever_published":false,"_jetpack_newsletter_access":"","_jetpack_dont_email_post_to_subs":false,"_jetpack_newsletter_tier_id":0,"_jetpack_memberships_contains_paywalled_content":false,"_jetpack_memberships_contains_paid_content":false,"footnotes":"","jetpack_publicize_message":"","jetpack_publicize_feature_enabled":true,"jetpack_social_post_already_shared":true,"jetpack_social_options":{"image_generator_settings":{"template":"highway","default_image_id":0,"font":"","enabled":false},"version":2}},"categories":[11,9],"tags":[],"class_list":["post-8209","post","type-post","status-publish","format-standard","hentry","category-ecole","category-festivite"],"jetpack_publicize_connections":[],"jetpack_featured_media_url":"","jetpack_sharing_enabled":true,"jetpack_shortlink":"https:\/\/wp.me\/p5G85k-28p","jetpack_likes_enabled":true,"jetpack-related-posts":[{"id":8424,"url":"https:\/\/ecole-saint-joseph-44690.fr\/blog\/?p=8424","url_meta":{"origin":8209,"position":0},"title":"FETE DE LA RENTREE 2023\/24","author":"S\u00e9bastien JACOB","date":"22 septembre 2023","format":false,"excerpt":"Une belle f\u00eate de la rentr\u00e9e, \u00e0 la fin de la c\u00e9l\u00e9bration, les enfants ont r\u00e9alis\u00e9 un vitrail qui restera expos\u00e9 \u00e0 la cantine toute l'ann\u00e9e. Les nouvelles familles ont \u00e9t\u00e9 accueillies et les enfants parrains\/marraines et filleuls ont chant\u00e9 tous ensemble \"Dire bonjour c'est joli\" !","rel":"","context":"Dans &quot;CE1&quot;","block_context":{"text":"CE1","link":"https:\/\/ecole-saint-joseph-44690.fr\/blog\/?cat=90"},"img":{"alt_text":"","src":"https:\/\/i0.wp.com\/ecole-saint-joseph-44690.fr\/blog\/wp-content\/uploads\/2023\/10\/image-4.png?resize=350%2C200&ssl=1","width":350,"height":200,"srcset":"https:\/\/i0.wp.com\/ecole-saint-joseph-44690.fr\/blog\/wp-content\/uploads\/2023\/10\/image-4.png?resize=350%2C200&ssl=1 1x, https:\/\/i0.wp.com\/ecole-saint-joseph-44690.fr\/blog\/wp-content\/uploads\/2023\/10\/image-4.png?resize=525%2C300&ssl=1 1.5x, https:\/\/i0.wp.com\/ecole-saint-joseph-44690.fr\/blog\/wp-content\/uploads\/2023\/10\/image-4.png?resize=700%2C400&ssl=1 2x"},"classes":[]},{"id":8440,"url":"https:\/\/ecole-saint-joseph-44690.fr\/blog\/?p=8440","url_meta":{"origin":8209,"position":1},"title":"C\u00c9R\u00c9MONIE DE LA FLAMME","author":"S\u00e9bastien JACOB","date":"12 octobre 2023","format":false,"excerpt":"Une flamme, symbolisant la flamme olympique, est partie de notre \u00e9cole aujourd'hui vers la Chapelle Heulin. Sur un relais de presque 9km les \u00e9l\u00e8ves des classes de CM ont \u00e9t\u00e9 accompagn\u00e9 par des \u00e9l\u00e8ves du coll\u00e8ge St Gabriel et du lyc\u00e9e de Briac\u00e9. Les \u00e9l\u00e8ves ont profit\u00e9 de l'occasion pour\u2026","rel":"","context":"Dans &quot;CE1&quot;","block_context":{"text":"CE1","link":"https:\/\/ecole-saint-joseph-44690.fr\/blog\/?cat=90"},"img":{"alt_text":"","src":"https:\/\/i0.wp.com\/ecole-saint-joseph-44690.fr\/blog\/wp-content\/uploads\/2023\/10\/image-12.png?resize=350%2C200&ssl=1","width":350,"height":200,"srcset":"https:\/\/i0.wp.com\/ecole-saint-joseph-44690.fr\/blog\/wp-content\/uploads\/2023\/10\/image-12.png?resize=350%2C200&ssl=1 1x, https:\/\/i0.wp.com\/ecole-saint-joseph-44690.fr\/blog\/wp-content\/uploads\/2023\/10\/image-12.png?resize=525%2C300&ssl=1 1.5x, https:\/\/i0.wp.com\/ecole-saint-joseph-44690.fr\/blog\/wp-content\/uploads\/2023\/10\/image-12.png?resize=700%2C400&ssl=1 2x"},"classes":[]},{"id":8220,"url":"https:\/\/ecole-saint-joseph-44690.fr\/blog\/?p=8220","url_meta":{"origin":8209,"position":2},"title":"En ce vendredi Saint, 2 actions solidaires se sont d\u00e9roul\u00e9es \u00e0 l\u2019\u00e9cole !","author":"S\u00e9bastien JACOB","date":"7 avril 2023","format":false,"excerpt":"L\u2019op\u00e9ration bol de riz pour l\u2019association l\u2019Arche le S\u00e9nev\u00e9. Nous avons eu la joie de partager le repas avec les \u00e9l\u00e8ves, les enseignants et de jeunes adultes de l\u2019association. Ils revenaient de leur p\u00e8lerinage que nous avons financ\u00e9 avec cette action. La seconde action :Une collecte \u00e9tait organis\u00e9e pour des\u2026","rel":"","context":"Dans &quot;Cantine&quot;","block_context":{"text":"Cantine","link":"https:\/\/ecole-saint-joseph-44690.fr\/blog\/?cat=29"},"img":{"alt_text":"","src":"https:\/\/i0.wp.com\/ecole-saint-joseph-44690.fr\/blog\/wp-content\/uploads\/2023\/04\/WhatsApp-Image-2023-04-07-a-20.08.248-1.jpg?resize=350%2C200&ssl=1","width":350,"height":200,"srcset":"https:\/\/i0.wp.com\/ecole-saint-joseph-44690.fr\/blog\/wp-content\/uploads\/2023\/04\/WhatsApp-Image-2023-04-07-a-20.08.248-1.jpg?resize=350%2C200&ssl=1 1x, https:\/\/i0.wp.com\/ecole-saint-joseph-44690.fr\/blog\/wp-content\/uploads\/2023\/04\/WhatsApp-Image-2023-04-07-a-20.08.248-1.jpg?resize=525%2C300&ssl=1 1.5x, https:\/\/i0.wp.com\/ecole-saint-joseph-44690.fr\/blog\/wp-content\/uploads\/2023\/04\/WhatsApp-Image-2023-04-07-a-20.08.248-1.jpg?resize=700%2C400&ssl=1 2x"},"classes":[]},{"id":8306,"url":"https:\/\/ecole-saint-joseph-44690.fr\/blog\/?p=8306","url_meta":{"origin":8209,"position":3},"title":"Journ\u00e9e sportive organis\u00e9e par les \u00e9coles St Joseph de la Haye Fouassi\u00e8re et de Chateau-Th\u00e9baud.","author":"S\u00e9bastien JACOB","date":"23 mai 2023","format":false,"excerpt":"Les \u00e9l\u00e8ves de primaire ont particip\u00e9 \u00e0 une journ\u00e9e sportive, organis\u00e9e par les \u00e9coles St Joseph de la Haye Fouassi\u00e8re et de Chateau-Th\u00e9baud. Un grand merci aux parents qui ont accompagn\u00e9 et contribu\u00e9 \u00e0 la r\u00e9ussite de cette journ\u00e9e.","rel":"","context":"Dans &quot;G\u00e9n\u00e9ral&quot;","block_context":{"text":"G\u00e9n\u00e9ral","link":"https:\/\/ecole-saint-joseph-44690.fr\/blog\/?cat=1"},"img":{"alt_text":"","src":"https:\/\/i0.wp.com\/ecole-saint-joseph-44690.fr\/blog\/wp-content\/uploads\/2023\/06\/345034927_954330522575547_7548137575666935523_n.jpg?resize=350%2C200&ssl=1","width":350,"height":200,"srcset":"https:\/\/i0.wp.com\/ecole-saint-joseph-44690.fr\/blog\/wp-content\/uploads\/2023\/06\/345034927_954330522575547_7548137575666935523_n.jpg?resize=350%2C200&ssl=1 1x, https:\/\/i0.wp.com\/ecole-saint-joseph-44690.fr\/blog\/wp-content\/uploads\/2023\/06\/345034927_954330522575547_7548137575666935523_n.jpg?resize=525%2C300&ssl=1 1.5x, https:\/\/i0.wp.com\/ecole-saint-joseph-44690.fr\/blog\/wp-content\/uploads\/2023\/06\/345034927_954330522575547_7548137575666935523_n.jpg?resize=700%2C400&ssl=1 2x"},"classes":[]},{"id":8379,"url":"https:\/\/ecole-saint-joseph-44690.fr\/blog\/?p=8379","url_meta":{"origin":8209,"position":4},"title":"KERMESSE du 25 Juin 2023","author":"S\u00e9bastien JACOB","date":"25 juin 2023","format":false,"excerpt":"Jour de f\u00eate aux moulins des landes ! Une tr\u00e8s belle kermesse sous le signe du soleil. Un grand merci \u00e0 l'APEL pour l'organisation de cette journ\u00e9e, \u00e0 l'\u00e9quipe \u00e9ducative et aux parents qui ont donn\u00e9 de leur temps pour tenir un stand ou aider au d\u00e9montage. Et bravo aux\u2026","rel":"","context":"Dans &quot;APEL&quot;","block_context":{"text":"APEL","link":"https:\/\/ecole-saint-joseph-44690.fr\/blog\/?cat=42"},"img":{"alt_text":"","src":"https:\/\/i0.wp.com\/ecole-saint-joseph-44690.fr\/blog\/wp-content\/uploads\/2023\/07\/349190738_787565609904210_8564667885985460067_n-150x150.jpg?resize=350%2C200&ssl=1","width":350,"height":200,"srcset":"https:\/\/i0.wp.com\/ecole-saint-joseph-44690.fr\/blog\/wp-content\/uploads\/2023\/07\/349190738_787565609904210_8564667885985460067_n-150x150.jpg?resize=350%2C200&ssl=1 1x, https:\/\/i0.wp.com\/ecole-saint-joseph-44690.fr\/blog\/wp-content\/uploads\/2023\/07\/349190738_787565609904210_8564667885985460067_n-150x150.jpg?resize=525%2C300&ssl=1 1.5x, https:\/\/i0.wp.com\/ecole-saint-joseph-44690.fr\/blog\/wp-content\/uploads\/2023\/07\/349190738_787565609904210_8564667885985460067_n-150x150.jpg?resize=700%2C400&ssl=1 2x, https:\/\/i0.wp.com\/ecole-saint-joseph-44690.fr\/blog\/wp-content\/uploads\/2023\/07\/349190738_787565609904210_8564667885985460067_n-150x150.jpg?resize=1050%2C600&ssl=1 3x, https:\/\/i0.wp.com\/ecole-saint-joseph-44690.fr\/blog\/wp-content\/uploads\/2023\/07\/349190738_787565609904210_8564667885985460067_n-150x150.jpg?resize=1400%2C800&ssl=1 4x"},"classes":[]},{"id":8115,"url":"https:\/\/ecole-saint-joseph-44690.fr\/blog\/?p=8115","url_meta":{"origin":8209,"position":5},"title":"Visite de la cuisine centrale CONVIVIO au lyc\u00e9e Charles PEGUY (Gorges)","author":"B\u00e9atrice Josse","date":"5 d\u00e9cembre 2022","format":false,"excerpt":"Les d\u00e9l\u00e9gu\u00e9s des classes primaires se sont rendus \u00e0 la cuisine centrale de Charles P\u00e9guy, le mardi 22 novembre 2022. Ils ont rencontr\u00e9 le chef cuisinier Stephen MEIGNEN. D'autres rencontres auront lieu dans l'ann\u00e9e (22 mars et 30 mai 2023). Des parents d'\u00e9l\u00e8ves accompagnaient la sortie. Une commission cantine se\u2026","rel":"","context":"Dans &quot;G\u00e9n\u00e9ral&quot;","block_context":{"text":"G\u00e9n\u00e9ral","link":"https:\/\/ecole-saint-joseph-44690.fr\/blog\/?cat=1"},"img":{"alt_text":"","src":"https:\/\/i0.wp.com\/ecole-saint-joseph-44690.fr\/blog\/wp-content\/uploads\/2022\/12\/UNADJUSTEDNONRAW_thumb_47d0.jpg?resize=350%2C200&ssl=1","width":350,"height":200,"srcset":"https:\/\/i0.wp.com\/ecole-saint-joseph-44690.fr\/blog\/wp-content\/uploads\/2022\/12\/UNADJUSTEDNONRAW_thumb_47d0.jpg?resize=350%2C200&ssl=1 1x, https:\/\/i0.wp.com\/ecole-saint-joseph-44690.fr\/blog\/wp-content\/uploads\/2022\/12\/UNADJUSTEDNONRAW_thumb_47d0.jpg?resize=525%2C300&ssl=1 1.5x, https:\/\/i0.wp.com\/ecole-saint-joseph-44690.fr\/blog\/wp-content\/uploads\/2022\/12\/UNADJUSTEDNONRAW_thumb_47d0.jpg?resize=700%2C400&ssl=1 2x"},"classes":[]}],"_links":{"self":[{"href":"https:\/\/ecole-saint-joseph-44690.fr\/blog\/index.php?rest_route=\/wp\/v2\/posts\/8209","targetHints":{"allow":["GET"]}}],"collection":[{"href":"https:\/\/ecole-saint-joseph-44690.fr\/blog\/index.php?rest_route=\/wp\/v2\/posts"}],"about":[{"href":"https:\/\/ecole-saint-joseph-44690.fr\/blog\/index.php?rest_route=\/wp\/v2\/types\/post"}],"author":[{"embeddable":true,"href":"https:\/\/ecole-saint-joseph-44690.fr\/blog\/index.php?rest_route=\/wp\/v2\/users\/4"}],"replies":[{"embeddable":true,"href":"https:\/\/ecole-saint-joseph-44690.fr\/blog\/index.php?rest_route=%2Fwp%2Fv2%2Fcomments&post=8209"}],"version-history":[{"count":1,"href":"https:\/\/ecole-saint-joseph-44690.fr\/blog\/index.php?rest_route=\/wp\/v2\/posts\/8209\/revisions"}],"predecessor-version":[{"id":8218,"href":"https:\/\/ecole-saint-joseph-44690.fr\/blog\/index.php?rest_route=\/wp\/v2\/posts\/8209\/revisions\/8218"}],"wp:attachment":[{"href":"https:\/\/ecole-saint-joseph-44690.fr\/blog\/index.php?rest_route=%2Fwp%2Fv2%2Fmedia&parent=8209"}],"wp:term":[{"taxonomy":"category","embeddable":true,"href":"https:\/\/ecole-saint-joseph-44690.fr\/blog\/index.php?rest_route=%2Fwp%2Fv2%2Fcategories&post=8209"},{"taxonomy":"post_tag","embeddable":true,"href":"https:\/\/ecole-saint-joseph-44690.fr\/blog\/index.php?rest_route=%2Fwp%2Fv2%2Ftags&post=8209"}],"curies":[{"name":"wp","href":"https:\/\/api.w.org\/{rel}","templated":true}]}}