{"id":8196,"date":"2023-01-27T13:00:00","date_gmt":"2023-01-27T12:00:00","guid":{"rendered":"https:\/\/ecole-saint-joseph-44690.fr\/blog\/?p=8196"},"modified":"2023-03-01T10:12:26","modified_gmt":"2023-03-01T09:12:26","slug":"recette-de-cuisine-en-anglais-cm1-et-cm2","status":"publish","type":"post","link":"https:\/\/ecole-saint-joseph-44690.fr\/blog\/?p=8196","title":{"rendered":"Recette de cuisine en anglais CM1 et CM2"},"content":{"rendered":"\n<p>   Jeudi 27 janvier midi, quelques \u00e9l\u00e8ves ont r\u00e9alis\u00e9 une recette de cuisine que nous vous partageons en anglais. <br>    Ceci s&rsquo;inscrit dans le\u00a0 cadre de la promotion\u00a0 de l&rsquo;anglais \u00e0 l&rsquo;\u00e9cole avec la participation d&rsquo;Angelina (Service civique).<br> Merci \u00e0 Angelina qui a r\u00e9alis\u00e9 les vid\u00e9o.\u00a0<\/p>\n\n\n\n<figure class=\"wp-block-video\"><video height=\"576\" style=\"aspect-ratio: 320 \/ 576;\" width=\"320\" controls src=\"https:\/\/ecole-saint-joseph-44690.fr\/blog\/wp-content\/uploads\/2023\/03\/CM1_WhatsApp-Video-2023-02-28-at-10.17.03.mp4\"><\/video><figcaption class=\"wp-element-caption\">La recette du salami au chocolat en anglais par les CM1<br><\/figcaption><\/figure>\n\n\n\n<figure class=\"wp-block-video\"><video height=\"576\" style=\"aspect-ratio: 320 \/ 576;\" width=\"320\" controls src=\"https:\/\/ecole-saint-joseph-44690.fr\/blog\/wp-content\/uploads\/2023\/03\/CM2-WhatsApp-Video-2023-02-28-at-10.14.26.mp4\"><\/video><figcaption class=\"wp-element-caption\">La recette du salami au chocolat par les CM2<\/figcaption><\/figure>\n","protected":false},"excerpt":{"rendered":"<p>Jeudi 27 janvier midi, quelques \u00e9l\u00e8ves ont r\u00e9alis\u00e9 une recette de cuisine que nous vous partageons en anglais. Ceci s&rsquo;inscrit dans le\u00a0 cadre de la promotion\u00a0 de l&rsquo;anglais \u00e0 l&rsquo;\u00e9cole avec la participation d&rsquo;Angelina (Service civique). Merci \u00e0 Angelina qui a r\u00e9alis\u00e9 les vid\u00e9o.\u00a0<\/p>\n","protected":false},"author":4,"featured_media":0,"comment_status":"closed","ping_status":"open","sticky":false,"template":"","format":"standard","meta":{"jetpack_post_was_ever_published":false,"_jetpack_newsletter_access":"","_jetpack_dont_email_post_to_subs":false,"_jetpack_newsletter_tier_id":0,"_jetpack_memberships_contains_paywalled_content":false,"_jetpack_memberships_contains_paid_content":false,"footnotes":"","jetpack_publicize_message":"","jetpack_publicize_feature_enabled":true,"jetpack_social_post_already_shared":true,"jetpack_social_options":{"image_generator_settings":{"template":"highway","default_image_id":0,"font":"","enabled":false},"version":2}},"categories":[92,93],"tags":[],"class_list":["post-8196","post","type-post","status-publish","format-standard","hentry","category-cm1","category-cm2"],"jetpack_publicize_connections":[],"jetpack_featured_media_url":"","jetpack_sharing_enabled":true,"jetpack_shortlink":"https:\/\/wp.me\/p5G85k-28c","jetpack_likes_enabled":true,"jetpack-related-posts":[{"id":8432,"url":"https:\/\/ecole-saint-joseph-44690.fr\/blog\/?p=8432","url_meta":{"origin":8196,"position":0},"title":"CROSS inter \u00e9coles du coll\u00e8ge","author":"S\u00e9bastien JACOB","date":"29 septembre 2023","format":false,"excerpt":"Les \u00e9l\u00e8ves de CM1 et CM2 ont particip\u00e9 ce matin \u00e0 un cross au Coll\u00e8ge St Gabriel.","rel":"","context":"Dans &quot;CM1&quot;","block_context":{"text":"CM1","link":"https:\/\/ecole-saint-joseph-44690.fr\/blog\/?cat=92"},"img":{"alt_text":"","src":"https:\/\/i0.wp.com\/ecole-saint-joseph-44690.fr\/blog\/wp-content\/uploads\/2023\/10\/image-7.png?resize=350%2C200&ssl=1","width":350,"height":200,"srcset":"https:\/\/i0.wp.com\/ecole-saint-joseph-44690.fr\/blog\/wp-content\/uploads\/2023\/10\/image-7.png?resize=350%2C200&ssl=1 1x, https:\/\/i0.wp.com\/ecole-saint-joseph-44690.fr\/blog\/wp-content\/uploads\/2023\/10\/image-7.png?resize=525%2C300&ssl=1 1.5x, https:\/\/i0.wp.com\/ecole-saint-joseph-44690.fr\/blog\/wp-content\/uploads\/2023\/10\/image-7.png?resize=700%2C400&ssl=1 2x"},"classes":[]},{"id":8610,"url":"https:\/\/ecole-saint-joseph-44690.fr\/blog\/?p=8610","url_meta":{"origin":8196,"position":1},"title":"VOYAGE DES CM1\/CM2 EN ESPAGNE","author":"S\u00e9bastien JACOB","date":"30 mars 2025","format":false,"excerpt":"Les \u00e9l\u00e8ves de CM1 et CM2 se sont envol\u00e9s vers la ville de Los Corrales de Buelna, en Espagne, jumel\u00e9e avec la Haye Fouassi\u00e8re. ( https:\/\/www.facebook.com\/jumelage.lhf.lcdb )1er jour Apr\u00e8s un long temps de jeux dehors \u00e0 profiter du soleil et du paysage, premier temps de veill\u00e9e pour les \u00e9l\u00e8ves.2eme jour\u2026","rel":"","context":"Dans &quot;CM1&quot;","block_context":{"text":"CM1","link":"https:\/\/ecole-saint-joseph-44690.fr\/blog\/?cat=92"},"img":{"alt_text":"","src":"https:\/\/i0.wp.com\/ecole-saint-joseph-44690.fr\/blog\/wp-content\/uploads\/2025\/03\/488165733_1252816673379099_8410486082268166882_n-150x150.jpg?resize=350%2C200&ssl=1","width":350,"height":200,"srcset":"https:\/\/i0.wp.com\/ecole-saint-joseph-44690.fr\/blog\/wp-content\/uploads\/2025\/03\/488165733_1252816673379099_8410486082268166882_n-150x150.jpg?resize=350%2C200&ssl=1 1x, https:\/\/i0.wp.com\/ecole-saint-joseph-44690.fr\/blog\/wp-content\/uploads\/2025\/03\/488165733_1252816673379099_8410486082268166882_n-150x150.jpg?resize=525%2C300&ssl=1 1.5x, https:\/\/i0.wp.com\/ecole-saint-joseph-44690.fr\/blog\/wp-content\/uploads\/2025\/03\/488165733_1252816673379099_8410486082268166882_n-150x150.jpg?resize=700%2C400&ssl=1 2x, https:\/\/i0.wp.com\/ecole-saint-joseph-44690.fr\/blog\/wp-content\/uploads\/2025\/03\/488165733_1252816673379099_8410486082268166882_n-150x150.jpg?resize=1050%2C600&ssl=1 3x, https:\/\/i0.wp.com\/ecole-saint-joseph-44690.fr\/blog\/wp-content\/uploads\/2025\/03\/488165733_1252816673379099_8410486082268166882_n-150x150.jpg?resize=1400%2C800&ssl=1 4x"},"classes":[]},{"id":8467,"url":"https:\/\/ecole-saint-joseph-44690.fr\/blog\/?p=8467","url_meta":{"origin":8196,"position":2},"title":"\u00c9lection du CME","author":"S\u00e9bastien JACOB","date":"12 octobre 2023","format":false,"excerpt":"jeudi 12 octobreLes \u00e9l\u00e8ves de CE2 CM1 et CM2 ont \u00e9lu leurs repr\u00e9sentants au CME ( conseil municipal des enfants). Noann, Zo\u00e9, Melyne, Justine et Maelanne sont \u00e9lus pour 2 ans. Bravo et f\u00e9licitations pour cette premi\u00e8re responsabilit\u00e9\u00a0officielle.","rel":"","context":"Dans &quot;CM1&quot;","block_context":{"text":"CM1","link":"https:\/\/ecole-saint-joseph-44690.fr\/blog\/?cat=92"},"img":{"alt_text":"","src":"https:\/\/i0.wp.com\/ecole-saint-joseph-44690.fr\/blog\/wp-content\/uploads\/2023\/10\/WhatsApp-Image-2023-10-14-a-09.21.03_c0314eb5.jpg?resize=350%2C200&ssl=1","width":350,"height":200,"srcset":"https:\/\/i0.wp.com\/ecole-saint-joseph-44690.fr\/blog\/wp-content\/uploads\/2023\/10\/WhatsApp-Image-2023-10-14-a-09.21.03_c0314eb5.jpg?resize=350%2C200&ssl=1 1x, https:\/\/i0.wp.com\/ecole-saint-joseph-44690.fr\/blog\/wp-content\/uploads\/2023\/10\/WhatsApp-Image-2023-10-14-a-09.21.03_c0314eb5.jpg?resize=525%2C300&ssl=1 1.5x, https:\/\/i0.wp.com\/ecole-saint-joseph-44690.fr\/blog\/wp-content\/uploads\/2023\/10\/WhatsApp-Image-2023-10-14-a-09.21.03_c0314eb5.jpg?resize=700%2C400&ssl=1 2x"},"classes":[]},{"id":8327,"url":"https:\/\/ecole-saint-joseph-44690.fr\/blog\/?p=8327","url_meta":{"origin":8196,"position":3},"title":"Sensibilisation des CM sur les r\u00e9seaux sociaux et le cyber harc\u00e8lement","author":"S\u00e9bastien JACOB","date":"13 juin 2023","format":false,"excerpt":"Intervention dans les classes de CE2\/CM1 et CM1\/CM2 de la BPDJ ( brigade de pr\u00e9vention de la d\u00e9linquance juv\u00e9nile) qui est venue parler des r\u00e9seaux sociaux et du cyber harc\u00e8lement. Les \u00e9l\u00e8ves ont \u00e9t\u00e9 tr\u00e8s int\u00e9ress\u00e9s. \u00c0 renouveler chaque ann\u00e9e.","rel":"","context":"Dans &quot;CE2&quot;","block_context":{"text":"CE2","link":"https:\/\/ecole-saint-joseph-44690.fr\/blog\/?cat=91"},"img":{"alt_text":"","src":"https:\/\/i0.wp.com\/ecole-saint-joseph-44690.fr\/blog\/wp-content\/uploads\/2023\/06\/WhatsApp-Image-2023-06-13-at-09.08.35.jpeg?resize=350%2C200&ssl=1","width":350,"height":200,"srcset":"https:\/\/i0.wp.com\/ecole-saint-joseph-44690.fr\/blog\/wp-content\/uploads\/2023\/06\/WhatsApp-Image-2023-06-13-at-09.08.35.jpeg?resize=350%2C200&ssl=1 1x, https:\/\/i0.wp.com\/ecole-saint-joseph-44690.fr\/blog\/wp-content\/uploads\/2023\/06\/WhatsApp-Image-2023-06-13-at-09.08.35.jpeg?resize=525%2C300&ssl=1 1.5x, https:\/\/i0.wp.com\/ecole-saint-joseph-44690.fr\/blog\/wp-content\/uploads\/2023\/06\/WhatsApp-Image-2023-06-13-at-09.08.35.jpeg?resize=700%2C400&ssl=1 2x"},"classes":[]},{"id":8289,"url":"https:\/\/ecole-saint-joseph-44690.fr\/blog\/?p=8289","url_meta":{"origin":8196,"position":4},"title":"VOYAGE EN NORMANDIE","author":"S\u00e9bastien JACOB","date":"18 mai 2023","format":false,"excerpt":"Les \u00e9l\u00e8ves de CM1 et de CM2 sont partis 3 jours en Normandie.Au programme, d\u00e9couverte de le char \u00e0 voile, les batteries allemandes de Longues sur Mer, pique nique \u00e0 Omaha Beach puis d\u00e9couverte d'un cimeti\u00e8re am\u00e9ricain.","rel":"","context":"Dans &quot;CM1&quot;","block_context":{"text":"CM1","link":"https:\/\/ecole-saint-joseph-44690.fr\/blog\/?cat=92"},"img":{"alt_text":"","src":"https:\/\/i0.wp.com\/ecole-saint-joseph-44690.fr\/blog\/wp-content\/uploads\/2023\/06\/345031067_963168271372378_259408839792834165_n-150x150.jpg?resize=350%2C200&ssl=1","width":350,"height":200,"srcset":"https:\/\/i0.wp.com\/ecole-saint-joseph-44690.fr\/blog\/wp-content\/uploads\/2023\/06\/345031067_963168271372378_259408839792834165_n-150x150.jpg?resize=350%2C200&ssl=1 1x, https:\/\/i0.wp.com\/ecole-saint-joseph-44690.fr\/blog\/wp-content\/uploads\/2023\/06\/345031067_963168271372378_259408839792834165_n-150x150.jpg?resize=525%2C300&ssl=1 1.5x, https:\/\/i0.wp.com\/ecole-saint-joseph-44690.fr\/blog\/wp-content\/uploads\/2023\/06\/345031067_963168271372378_259408839792834165_n-150x150.jpg?resize=700%2C400&ssl=1 2x"},"classes":[]},{"id":8319,"url":"https:\/\/ecole-saint-joseph-44690.fr\/blog\/?p=8319","url_meta":{"origin":8196,"position":5},"title":"initiation aux premiers gestes de secours","author":"S\u00e9bastien JACOB","date":"12 juin 2023","format":false,"excerpt":"Intervention de deux papas d\u2019\u00e9l\u00e8ves pour l\u2019initiation aux premiers gestes de secours pour les \u00e9l\u00e8ves de CE1, CE2, CM1 et CM2. Projet mis en place depuis l\u2019ann\u00e9e derni\u00e8re pour que chaque ann\u00e9e les \u00e9l\u00e8ves quittent l\u2019\u00e9cole primaire en ayant de bons r\u00e9flexes. Merci pour le temps donn\u00e9 \u00e0 l\u2019\u00e9cole.","rel":"","context":"Dans &quot;CE1&quot;","block_context":{"text":"CE1","link":"https:\/\/ecole-saint-joseph-44690.fr\/blog\/?cat=90"},"img":{"alt_text":"","src":"https:\/\/i0.wp.com\/ecole-saint-joseph-44690.fr\/blog\/wp-content\/uploads\/2023\/06\/WhatsApp-Image-2023-06-13-at-09.16.03-5-150x150.jpeg?resize=350%2C200&ssl=1","width":350,"height":200,"srcset":"https:\/\/i0.wp.com\/ecole-saint-joseph-44690.fr\/blog\/wp-content\/uploads\/2023\/06\/WhatsApp-Image-2023-06-13-at-09.16.03-5-150x150.jpeg?resize=350%2C200&ssl=1 1x, https:\/\/i0.wp.com\/ecole-saint-joseph-44690.fr\/blog\/wp-content\/uploads\/2023\/06\/WhatsApp-Image-2023-06-13-at-09.16.03-5-150x150.jpeg?resize=525%2C300&ssl=1 1.5x, https:\/\/i0.wp.com\/ecole-saint-joseph-44690.fr\/blog\/wp-content\/uploads\/2023\/06\/WhatsApp-Image-2023-06-13-at-09.16.03-5-150x150.jpeg?resize=700%2C400&ssl=1 2x"},"classes":[]}],"_links":{"self":[{"href":"https:\/\/ecole-saint-joseph-44690.fr\/blog\/index.php?rest_route=\/wp\/v2\/posts\/8196","targetHints":{"allow":["GET"]}}],"collection":[{"href":"https:\/\/ecole-saint-joseph-44690.fr\/blog\/index.php?rest_route=\/wp\/v2\/posts"}],"about":[{"href":"https:\/\/ecole-saint-joseph-44690.fr\/blog\/index.php?rest_route=\/wp\/v2\/types\/post"}],"author":[{"embeddable":true,"href":"https:\/\/ecole-saint-joseph-44690.fr\/blog\/index.php?rest_route=\/wp\/v2\/users\/4"}],"replies":[{"embeddable":true,"href":"https:\/\/ecole-saint-joseph-44690.fr\/blog\/index.php?rest_route=%2Fwp%2Fv2%2Fcomments&post=8196"}],"version-history":[{"count":2,"href":"https:\/\/ecole-saint-joseph-44690.fr\/blog\/index.php?rest_route=\/wp\/v2\/posts\/8196\/revisions"}],"predecessor-version":[{"id":8200,"href":"https:\/\/ecole-saint-joseph-44690.fr\/blog\/index.php?rest_route=\/wp\/v2\/posts\/8196\/revisions\/8200"}],"wp:attachment":[{"href":"https:\/\/ecole-saint-joseph-44690.fr\/blog\/index.php?rest_route=%2Fwp%2Fv2%2Fmedia&parent=8196"}],"wp:term":[{"taxonomy":"category","embeddable":true,"href":"https:\/\/ecole-saint-joseph-44690.fr\/blog\/index.php?rest_route=%2Fwp%2Fv2%2Fcategories&post=8196"},{"taxonomy":"post_tag","embeddable":true,"href":"https:\/\/ecole-saint-joseph-44690.fr\/blog\/index.php?rest_route=%2Fwp%2Fv2%2Ftags&post=8196"}],"curies":[{"name":"wp","href":"https:\/\/api.w.org\/{rel}","templated":true}]}}