{"id":8158,"date":"2023-02-09T20:55:41","date_gmt":"2023-02-09T19:55:41","guid":{"rendered":"https:\/\/ecole-saint-joseph-44690.fr\/blog\/?p=8158"},"modified":"2023-02-27T21:34:20","modified_gmt":"2023-02-27T20:34:20","slug":"seance-de-premiers-secours-aux-eleves-de-cm2","status":"publish","type":"post","link":"https:\/\/ecole-saint-joseph-44690.fr\/blog\/?p=8158","title":{"rendered":"S\u00e9ance de premiers secours aux \u00e9l\u00e8ves de CM2."},"content":{"rendered":"\n<p>Le 9 f\u00e9vrier, les \u00e9l\u00e8ves de 3eme du coll\u00e8ge Saint Blaise ont anim\u00e9 une s\u00e9ance de premiers secours aux \u00e9l\u00e8ves de CM2. Ils sont tous repartis avec une attestation.<\/p>\n\n\n\n<figure class=\"wp-block-image size-full\"><a href=\"https:\/\/ecole-saint-joseph-44690.fr\/blog\/wp-content\/uploads\/2023\/02\/image-9.png\"><img loading=\"lazy\" decoding=\"async\" width=\"1024\" height=\"768\" data-attachment-id=\"8161\" data-permalink=\"https:\/\/ecole-saint-joseph-44690.fr\/blog\/?attachment_id=8161\" data-orig-file=\"https:\/\/ecole-saint-joseph-44690.fr\/blog\/wp-content\/uploads\/2023\/02\/image-9.png\" data-orig-size=\"1024,768\" data-comments-opened=\"1\" data-image-meta=\"{&quot;aperture&quot;:&quot;0&quot;,&quot;credit&quot;:&quot;&quot;,&quot;camera&quot;:&quot;&quot;,&quot;caption&quot;:&quot;&quot;,&quot;created_timestamp&quot;:&quot;0&quot;,&quot;copyright&quot;:&quot;&quot;,&quot;focal_length&quot;:&quot;0&quot;,&quot;iso&quot;:&quot;0&quot;,&quot;shutter_speed&quot;:&quot;0&quot;,&quot;title&quot;:&quot;&quot;,&quot;orientation&quot;:&quot;0&quot;}\" data-image-title=\"image-9\" data-image-description=\"\" data-image-caption=\"\" data-large-file=\"https:\/\/ecole-saint-joseph-44690.fr\/blog\/wp-content\/uploads\/2023\/02\/image-9.png\" src=\"https:\/\/ecole-saint-joseph-44690.fr\/blog\/wp-content\/uploads\/2023\/02\/image-9.png\" alt=\"\" class=\"wp-image-8161\" srcset=\"https:\/\/ecole-saint-joseph-44690.fr\/blog\/wp-content\/uploads\/2023\/02\/image-9.png 1024w, https:\/\/ecole-saint-joseph-44690.fr\/blog\/wp-content\/uploads\/2023\/02\/image-9-300x225.png 300w, https:\/\/ecole-saint-joseph-44690.fr\/blog\/wp-content\/uploads\/2023\/02\/image-9-768x576.png 768w\" sizes=\"auto, (max-width: 1024px) 100vw, 1024px\" \/><\/a><\/figure>\n","protected":false},"excerpt":{"rendered":"<p>Le 9 f\u00e9vrier, les \u00e9l\u00e8ves de 3eme du coll\u00e8ge Saint Blaise ont anim\u00e9 une s\u00e9ance de premiers secours aux \u00e9l\u00e8ves de CM2. Ils sont tous repartis avec une attestation.<\/p>\n","protected":false},"author":4,"featured_media":0,"comment_status":"open","ping_status":"open","sticky":false,"template":"","format":"standard","meta":{"jetpack_post_was_ever_published":false,"_jetpack_newsletter_access":"","_jetpack_dont_email_post_to_subs":false,"_jetpack_newsletter_tier_id":0,"_jetpack_memberships_contains_paywalled_content":false,"_jetpack_memberships_contains_paid_content":false,"footnotes":"","jetpack_publicize_message":"","jetpack_publicize_feature_enabled":true,"jetpack_social_post_already_shared":true,"jetpack_social_options":{"image_generator_settings":{"template":"highway","default_image_id":0,"font":"","enabled":false},"version":2}},"categories":[93],"tags":[],"class_list":["post-8158","post","type-post","status-publish","format-standard","hentry","category-cm2"],"jetpack_publicize_connections":[],"jetpack_featured_media_url":"","jetpack_sharing_enabled":true,"jetpack_shortlink":"https:\/\/wp.me\/p5G85k-27A","jetpack_likes_enabled":true,"jetpack-related-posts":[{"id":8319,"url":"https:\/\/ecole-saint-joseph-44690.fr\/blog\/?p=8319","url_meta":{"origin":8158,"position":0},"title":"initiation aux premiers gestes de secours","author":"S\u00e9bastien JACOB","date":"12 juin 2023","format":false,"excerpt":"Intervention de deux papas d\u2019\u00e9l\u00e8ves pour l\u2019initiation aux premiers gestes de secours pour les \u00e9l\u00e8ves de CE1, CE2, CM1 et CM2. Projet mis en place depuis l\u2019ann\u00e9e derni\u00e8re pour que chaque ann\u00e9e les \u00e9l\u00e8ves quittent l\u2019\u00e9cole primaire en ayant de bons r\u00e9flexes. Merci pour le temps donn\u00e9 \u00e0 l\u2019\u00e9cole.","rel":"","context":"Dans &quot;CE1&quot;","block_context":{"text":"CE1","link":"https:\/\/ecole-saint-joseph-44690.fr\/blog\/?cat=90"},"img":{"alt_text":"","src":"https:\/\/i0.wp.com\/ecole-saint-joseph-44690.fr\/blog\/wp-content\/uploads\/2023\/06\/WhatsApp-Image-2023-06-13-at-09.16.03-5-150x150.jpeg?resize=350%2C200&ssl=1","width":350,"height":200,"srcset":"https:\/\/i0.wp.com\/ecole-saint-joseph-44690.fr\/blog\/wp-content\/uploads\/2023\/06\/WhatsApp-Image-2023-06-13-at-09.16.03-5-150x150.jpeg?resize=350%2C200&ssl=1 1x, https:\/\/i0.wp.com\/ecole-saint-joseph-44690.fr\/blog\/wp-content\/uploads\/2023\/06\/WhatsApp-Image-2023-06-13-at-09.16.03-5-150x150.jpeg?resize=525%2C300&ssl=1 1.5x, https:\/\/i0.wp.com\/ecole-saint-joseph-44690.fr\/blog\/wp-content\/uploads\/2023\/06\/WhatsApp-Image-2023-06-13-at-09.16.03-5-150x150.jpeg?resize=700%2C400&ssl=1 2x"},"classes":[]},{"id":8610,"url":"https:\/\/ecole-saint-joseph-44690.fr\/blog\/?p=8610","url_meta":{"origin":8158,"position":1},"title":"VOYAGE DES CM1\/CM2 EN ESPAGNE","author":"S\u00e9bastien JACOB","date":"30 mars 2025","format":false,"excerpt":"Les \u00e9l\u00e8ves de CM1 et CM2 se sont envol\u00e9s vers la ville de Los Corrales de Buelna, en Espagne, jumel\u00e9e avec la Haye Fouassi\u00e8re. ( https:\/\/www.facebook.com\/jumelage.lhf.lcdb )1er jour Apr\u00e8s un long temps de jeux dehors \u00e0 profiter du soleil et du paysage, premier temps de veill\u00e9e pour les \u00e9l\u00e8ves.2eme jour\u2026","rel":"","context":"Dans &quot;CM1&quot;","block_context":{"text":"CM1","link":"https:\/\/ecole-saint-joseph-44690.fr\/blog\/?cat=92"},"img":{"alt_text":"","src":"https:\/\/i0.wp.com\/ecole-saint-joseph-44690.fr\/blog\/wp-content\/uploads\/2025\/03\/488165733_1252816673379099_8410486082268166882_n-150x150.jpg?resize=350%2C200&ssl=1","width":350,"height":200,"srcset":"https:\/\/i0.wp.com\/ecole-saint-joseph-44690.fr\/blog\/wp-content\/uploads\/2025\/03\/488165733_1252816673379099_8410486082268166882_n-150x150.jpg?resize=350%2C200&ssl=1 1x, https:\/\/i0.wp.com\/ecole-saint-joseph-44690.fr\/blog\/wp-content\/uploads\/2025\/03\/488165733_1252816673379099_8410486082268166882_n-150x150.jpg?resize=525%2C300&ssl=1 1.5x, https:\/\/i0.wp.com\/ecole-saint-joseph-44690.fr\/blog\/wp-content\/uploads\/2025\/03\/488165733_1252816673379099_8410486082268166882_n-150x150.jpg?resize=700%2C400&ssl=1 2x, https:\/\/i0.wp.com\/ecole-saint-joseph-44690.fr\/blog\/wp-content\/uploads\/2025\/03\/488165733_1252816673379099_8410486082268166882_n-150x150.jpg?resize=1050%2C600&ssl=1 3x, https:\/\/i0.wp.com\/ecole-saint-joseph-44690.fr\/blog\/wp-content\/uploads\/2025\/03\/488165733_1252816673379099_8410486082268166882_n-150x150.jpg?resize=1400%2C800&ssl=1 4x"},"classes":[]},{"id":8196,"url":"https:\/\/ecole-saint-joseph-44690.fr\/blog\/?p=8196","url_meta":{"origin":8158,"position":2},"title":"Recette de cuisine en anglais CM1 et CM2","author":"S\u00e9bastien JACOB","date":"27 janvier 2023","format":false,"excerpt":"Jeudi 27 janvier midi, quelques \u00e9l\u00e8ves ont r\u00e9alis\u00e9 une recette de cuisine que nous vous partageons en anglais. Ceci s'inscrit dans le\u00a0 cadre de la promotion\u00a0 de l'anglais \u00e0 l'\u00e9cole avec la participation d'Angelina (Service civique). Merci \u00e0 Angelina qui a r\u00e9alis\u00e9 les vid\u00e9o.\u00a0 La recette du salami au chocolat\u2026","rel":"","context":"Dans &quot;CM1&quot;","block_context":{"text":"CM1","link":"https:\/\/ecole-saint-joseph-44690.fr\/blog\/?cat=92"},"img":{"alt_text":"","src":"","width":0,"height":0},"classes":[]},{"id":8432,"url":"https:\/\/ecole-saint-joseph-44690.fr\/blog\/?p=8432","url_meta":{"origin":8158,"position":3},"title":"CROSS inter \u00e9coles du coll\u00e8ge","author":"S\u00e9bastien JACOB","date":"29 septembre 2023","format":false,"excerpt":"Les \u00e9l\u00e8ves de CM1 et CM2 ont particip\u00e9 ce matin \u00e0 un cross au Coll\u00e8ge St Gabriel.","rel":"","context":"Dans &quot;CM1&quot;","block_context":{"text":"CM1","link":"https:\/\/ecole-saint-joseph-44690.fr\/blog\/?cat=92"},"img":{"alt_text":"","src":"https:\/\/i0.wp.com\/ecole-saint-joseph-44690.fr\/blog\/wp-content\/uploads\/2023\/10\/image-7.png?resize=350%2C200&ssl=1","width":350,"height":200,"srcset":"https:\/\/i0.wp.com\/ecole-saint-joseph-44690.fr\/blog\/wp-content\/uploads\/2023\/10\/image-7.png?resize=350%2C200&ssl=1 1x, https:\/\/i0.wp.com\/ecole-saint-joseph-44690.fr\/blog\/wp-content\/uploads\/2023\/10\/image-7.png?resize=525%2C300&ssl=1 1.5x, https:\/\/i0.wp.com\/ecole-saint-joseph-44690.fr\/blog\/wp-content\/uploads\/2023\/10\/image-7.png?resize=700%2C400&ssl=1 2x"},"classes":[]},{"id":8620,"url":"https:\/\/ecole-saint-joseph-44690.fr\/blog\/?p=8620","url_meta":{"origin":8158,"position":4},"title":"VOYAGE EN ESPAGNE 2025 (jours 3 4 5)","author":"S\u00e9bastien JACOB","date":"2 avril 2025","format":false,"excerpt":"Jour3:Les \u00e9l\u00e8ves ont d\u00e9couvert l'\u00e9cole de Los Corrales de Buelna. Puis ils ont eu une visite guid\u00e9e de la ville, par des \u00e9l\u00e8ves espagnols de 6e. Pique nique et apr\u00e8s midi \u00e0 Comillas pour visiter \u00able caprice de Gaud\u00ed \u00bb, c\u2019\u00e9tait sublime ! Les enfants ont aussi eu la chance\u2026","rel":"","context":"Dans &quot;CM1&quot;","block_context":{"text":"CM1","link":"https:\/\/ecole-saint-joseph-44690.fr\/blog\/?cat=92"},"img":{"alt_text":"","src":"https:\/\/i0.wp.com\/ecole-saint-joseph-44690.fr\/blog\/wp-content\/uploads\/2025\/04\/488268890_1254961133164653_3509363775231215163_n-150x150.jpg?resize=350%2C200&ssl=1","width":350,"height":200,"srcset":"https:\/\/i0.wp.com\/ecole-saint-joseph-44690.fr\/blog\/wp-content\/uploads\/2025\/04\/488268890_1254961133164653_3509363775231215163_n-150x150.jpg?resize=350%2C200&ssl=1 1x, https:\/\/i0.wp.com\/ecole-saint-joseph-44690.fr\/blog\/wp-content\/uploads\/2025\/04\/488268890_1254961133164653_3509363775231215163_n-150x150.jpg?resize=525%2C300&ssl=1 1.5x, https:\/\/i0.wp.com\/ecole-saint-joseph-44690.fr\/blog\/wp-content\/uploads\/2025\/04\/488268890_1254961133164653_3509363775231215163_n-150x150.jpg?resize=700%2C400&ssl=1 2x, https:\/\/i0.wp.com\/ecole-saint-joseph-44690.fr\/blog\/wp-content\/uploads\/2025\/04\/488268890_1254961133164653_3509363775231215163_n-150x150.jpg?resize=1050%2C600&ssl=1 3x, https:\/\/i0.wp.com\/ecole-saint-joseph-44690.fr\/blog\/wp-content\/uploads\/2025\/04\/488268890_1254961133164653_3509363775231215163_n-150x150.jpg?resize=1400%2C800&ssl=1 4x"},"classes":[]},{"id":8289,"url":"https:\/\/ecole-saint-joseph-44690.fr\/blog\/?p=8289","url_meta":{"origin":8158,"position":5},"title":"VOYAGE EN NORMANDIE","author":"S\u00e9bastien JACOB","date":"18 mai 2023","format":false,"excerpt":"Les \u00e9l\u00e8ves de CM1 et de CM2 sont partis 3 jours en Normandie.Au programme, d\u00e9couverte de le char \u00e0 voile, les batteries allemandes de Longues sur Mer, pique nique \u00e0 Omaha Beach puis d\u00e9couverte d'un cimeti\u00e8re am\u00e9ricain.","rel":"","context":"Dans &quot;CM1&quot;","block_context":{"text":"CM1","link":"https:\/\/ecole-saint-joseph-44690.fr\/blog\/?cat=92"},"img":{"alt_text":"","src":"https:\/\/i0.wp.com\/ecole-saint-joseph-44690.fr\/blog\/wp-content\/uploads\/2023\/06\/345031067_963168271372378_259408839792834165_n-150x150.jpg?resize=350%2C200&ssl=1","width":350,"height":200,"srcset":"https:\/\/i0.wp.com\/ecole-saint-joseph-44690.fr\/blog\/wp-content\/uploads\/2023\/06\/345031067_963168271372378_259408839792834165_n-150x150.jpg?resize=350%2C200&ssl=1 1x, https:\/\/i0.wp.com\/ecole-saint-joseph-44690.fr\/blog\/wp-content\/uploads\/2023\/06\/345031067_963168271372378_259408839792834165_n-150x150.jpg?resize=525%2C300&ssl=1 1.5x, https:\/\/i0.wp.com\/ecole-saint-joseph-44690.fr\/blog\/wp-content\/uploads\/2023\/06\/345031067_963168271372378_259408839792834165_n-150x150.jpg?resize=700%2C400&ssl=1 2x"},"classes":[]}],"_links":{"self":[{"href":"https:\/\/ecole-saint-joseph-44690.fr\/blog\/index.php?rest_route=\/wp\/v2\/posts\/8158","targetHints":{"allow":["GET"]}}],"collection":[{"href":"https:\/\/ecole-saint-joseph-44690.fr\/blog\/index.php?rest_route=\/wp\/v2\/posts"}],"about":[{"href":"https:\/\/ecole-saint-joseph-44690.fr\/blog\/index.php?rest_route=\/wp\/v2\/types\/post"}],"author":[{"embeddable":true,"href":"https:\/\/ecole-saint-joseph-44690.fr\/blog\/index.php?rest_route=\/wp\/v2\/users\/4"}],"replies":[{"embeddable":true,"href":"https:\/\/ecole-saint-joseph-44690.fr\/blog\/index.php?rest_route=%2Fwp%2Fv2%2Fcomments&post=8158"}],"version-history":[{"count":1,"href":"https:\/\/ecole-saint-joseph-44690.fr\/blog\/index.php?rest_route=\/wp\/v2\/posts\/8158\/revisions"}],"predecessor-version":[{"id":8162,"href":"https:\/\/ecole-saint-joseph-44690.fr\/blog\/index.php?rest_route=\/wp\/v2\/posts\/8158\/revisions\/8162"}],"wp:attachment":[{"href":"https:\/\/ecole-saint-joseph-44690.fr\/blog\/index.php?rest_route=%2Fwp%2Fv2%2Fmedia&parent=8158"}],"wp:term":[{"taxonomy":"category","embeddable":true,"href":"https:\/\/ecole-saint-joseph-44690.fr\/blog\/index.php?rest_route=%2Fwp%2Fv2%2Fcategories&post=8158"},{"taxonomy":"post_tag","embeddable":true,"href":"https:\/\/ecole-saint-joseph-44690.fr\/blog\/index.php?rest_route=%2Fwp%2Fv2%2Ftags&post=8158"}],"curies":[{"name":"wp","href":"https:\/\/api.w.org\/{rel}","templated":true}]}}