{"id":8146,"date":"2023-02-27T21:34:36","date_gmt":"2023-02-27T20:34:36","guid":{"rendered":"https:\/\/ecole-saint-joseph-44690.fr\/blog\/?p=8146"},"modified":"2023-02-27T21:34:39","modified_gmt":"2023-02-27T20:34:39","slug":"experience-scientifique-en-cm1","status":"publish","type":"post","link":"https:\/\/ecole-saint-joseph-44690.fr\/blog\/?p=8146","title":{"rendered":"Exp\u00e9rience scientifique en CM1"},"content":{"rendered":"\n<p>Les cm1 ont suivi un protocole d\u2019exp\u00e9rience pour comprendre le fonctionnement d\u2019une pile. Les bulles et le zinc noirci ont montr\u00e9 qu\u2019une r\u00e9action chimique a eu lieu.<\/p>\n\n\n\n<figure class=\"wp-block-image size-full\"><a href=\"https:\/\/ecole-saint-joseph-44690.fr\/blog\/wp-content\/uploads\/2023\/02\/image-5.png\"><img loading=\"lazy\" decoding=\"async\" width=\"768\" height=\"1024\" data-attachment-id=\"8152\" data-permalink=\"https:\/\/ecole-saint-joseph-44690.fr\/blog\/?attachment_id=8152\" data-orig-file=\"https:\/\/ecole-saint-joseph-44690.fr\/blog\/wp-content\/uploads\/2023\/02\/image-5.png\" data-orig-size=\"768,1024\" data-comments-opened=\"1\" data-image-meta=\"{&quot;aperture&quot;:&quot;0&quot;,&quot;credit&quot;:&quot;&quot;,&quot;camera&quot;:&quot;&quot;,&quot;caption&quot;:&quot;&quot;,&quot;created_timestamp&quot;:&quot;0&quot;,&quot;copyright&quot;:&quot;&quot;,&quot;focal_length&quot;:&quot;0&quot;,&quot;iso&quot;:&quot;0&quot;,&quot;shutter_speed&quot;:&quot;0&quot;,&quot;title&quot;:&quot;&quot;,&quot;orientation&quot;:&quot;0&quot;}\" data-image-title=\"image-5\" data-image-description=\"\" data-image-caption=\"\" data-large-file=\"https:\/\/ecole-saint-joseph-44690.fr\/blog\/wp-content\/uploads\/2023\/02\/image-5.png\" src=\"https:\/\/ecole-saint-joseph-44690.fr\/blog\/wp-content\/uploads\/2023\/02\/image-5.png\" alt=\"\" class=\"wp-image-8152\" srcset=\"https:\/\/ecole-saint-joseph-44690.fr\/blog\/wp-content\/uploads\/2023\/02\/image-5.png 768w, https:\/\/ecole-saint-joseph-44690.fr\/blog\/wp-content\/uploads\/2023\/02\/image-5-225x300.png 225w\" sizes=\"auto, (max-width: 768px) 100vw, 768px\" \/><\/a><\/figure>\n\n\n\n<figure class=\"wp-block-image size-full\"><a href=\"https:\/\/ecole-saint-joseph-44690.fr\/blog\/wp-content\/uploads\/2023\/02\/image-3.png\"><img loading=\"lazy\" decoding=\"async\" width=\"720\" height=\"960\" data-attachment-id=\"8150\" data-permalink=\"https:\/\/ecole-saint-joseph-44690.fr\/blog\/?attachment_id=8150\" data-orig-file=\"https:\/\/ecole-saint-joseph-44690.fr\/blog\/wp-content\/uploads\/2023\/02\/image-3.png\" data-orig-size=\"720,960\" data-comments-opened=\"1\" data-image-meta=\"{&quot;aperture&quot;:&quot;0&quot;,&quot;credit&quot;:&quot;&quot;,&quot;camera&quot;:&quot;&quot;,&quot;caption&quot;:&quot;&quot;,&quot;created_timestamp&quot;:&quot;0&quot;,&quot;copyright&quot;:&quot;&quot;,&quot;focal_length&quot;:&quot;0&quot;,&quot;iso&quot;:&quot;0&quot;,&quot;shutter_speed&quot;:&quot;0&quot;,&quot;title&quot;:&quot;&quot;,&quot;orientation&quot;:&quot;0&quot;}\" data-image-title=\"image-3\" data-image-description=\"\" data-image-caption=\"\" data-large-file=\"https:\/\/ecole-saint-joseph-44690.fr\/blog\/wp-content\/uploads\/2023\/02\/image-3.png\" src=\"https:\/\/ecole-saint-joseph-44690.fr\/blog\/wp-content\/uploads\/2023\/02\/image-3.png\" alt=\"\" class=\"wp-image-8150\" srcset=\"https:\/\/ecole-saint-joseph-44690.fr\/blog\/wp-content\/uploads\/2023\/02\/image-3.png 720w, https:\/\/ecole-saint-joseph-44690.fr\/blog\/wp-content\/uploads\/2023\/02\/image-3-225x300.png 225w\" sizes=\"auto, (max-width: 720px) 100vw, 720px\" \/><\/a><figcaption class=\"wp-element-caption\">avant apparition des bulles <\/figcaption><\/figure>\n\n\n\n<figure class=\"wp-block-image size-full\"><a href=\"https:\/\/ecole-saint-joseph-44690.fr\/blog\/wp-content\/uploads\/2023\/02\/image-32.png\"><img loading=\"lazy\" decoding=\"async\" width=\"768\" height=\"1024\" data-attachment-id=\"8191\" data-permalink=\"https:\/\/ecole-saint-joseph-44690.fr\/blog\/?attachment_id=8191\" data-orig-file=\"https:\/\/ecole-saint-joseph-44690.fr\/blog\/wp-content\/uploads\/2023\/02\/image-32.png\" data-orig-size=\"768,1024\" data-comments-opened=\"1\" data-image-meta=\"{&quot;aperture&quot;:&quot;0&quot;,&quot;credit&quot;:&quot;&quot;,&quot;camera&quot;:&quot;&quot;,&quot;caption&quot;:&quot;&quot;,&quot;created_timestamp&quot;:&quot;0&quot;,&quot;copyright&quot;:&quot;&quot;,&quot;focal_length&quot;:&quot;0&quot;,&quot;iso&quot;:&quot;0&quot;,&quot;shutter_speed&quot;:&quot;0&quot;,&quot;title&quot;:&quot;&quot;,&quot;orientation&quot;:&quot;0&quot;}\" data-image-title=\"image-32\" data-image-description=\"\" data-image-caption=\"\" data-large-file=\"https:\/\/ecole-saint-joseph-44690.fr\/blog\/wp-content\/uploads\/2023\/02\/image-32.png\" src=\"https:\/\/ecole-saint-joseph-44690.fr\/blog\/wp-content\/uploads\/2023\/02\/image-32.png\" alt=\"\" class=\"wp-image-8191\" srcset=\"https:\/\/ecole-saint-joseph-44690.fr\/blog\/wp-content\/uploads\/2023\/02\/image-32.png 768w, https:\/\/ecole-saint-joseph-44690.fr\/blog\/wp-content\/uploads\/2023\/02\/image-32-225x300.png 225w\" sizes=\"auto, (max-width: 768px) 100vw, 768px\" \/><\/a><figcaption class=\"wp-element-caption\">les bulles apparaissent<\/figcaption><\/figure>\n\n\n\n<figure class=\"wp-block-image size-full\"><a href=\"https:\/\/ecole-saint-joseph-44690.fr\/blog\/wp-content\/uploads\/2023\/02\/image-27.png\"><img loading=\"lazy\" decoding=\"async\" width=\"1024\" height=\"768\" data-attachment-id=\"8186\" data-permalink=\"https:\/\/ecole-saint-joseph-44690.fr\/blog\/?attachment_id=8186\" data-orig-file=\"https:\/\/ecole-saint-joseph-44690.fr\/blog\/wp-content\/uploads\/2023\/02\/image-27.png\" data-orig-size=\"1024,768\" data-comments-opened=\"1\" data-image-meta=\"{&quot;aperture&quot;:&quot;0&quot;,&quot;credit&quot;:&quot;&quot;,&quot;camera&quot;:&quot;&quot;,&quot;caption&quot;:&quot;&quot;,&quot;created_timestamp&quot;:&quot;0&quot;,&quot;copyright&quot;:&quot;&quot;,&quot;focal_length&quot;:&quot;0&quot;,&quot;iso&quot;:&quot;0&quot;,&quot;shutter_speed&quot;:&quot;0&quot;,&quot;title&quot;:&quot;&quot;,&quot;orientation&quot;:&quot;0&quot;}\" data-image-title=\"image-27\" data-image-description=\"\" data-image-caption=\"\" data-large-file=\"https:\/\/ecole-saint-joseph-44690.fr\/blog\/wp-content\/uploads\/2023\/02\/image-27.png\" src=\"https:\/\/ecole-saint-joseph-44690.fr\/blog\/wp-content\/uploads\/2023\/02\/image-27.png\" alt=\"\" class=\"wp-image-8186\" srcset=\"https:\/\/ecole-saint-joseph-44690.fr\/blog\/wp-content\/uploads\/2023\/02\/image-27.png 1024w, https:\/\/ecole-saint-joseph-44690.fr\/blog\/wp-content\/uploads\/2023\/02\/image-27-300x225.png 300w, https:\/\/ecole-saint-joseph-44690.fr\/blog\/wp-content\/uploads\/2023\/02\/image-27-768x576.png 768w\" sizes=\"auto, (max-width: 1024px) 100vw, 1024px\" \/><\/a><\/figure>\n\n\n\n<figure class=\"wp-block-image size-full\"><a href=\"https:\/\/ecole-saint-joseph-44690.fr\/blog\/wp-content\/uploads\/2023\/02\/image-28.png\"><img loading=\"lazy\" decoding=\"async\" width=\"768\" height=\"1024\" data-attachment-id=\"8187\" data-permalink=\"https:\/\/ecole-saint-joseph-44690.fr\/blog\/?attachment_id=8187\" data-orig-file=\"https:\/\/ecole-saint-joseph-44690.fr\/blog\/wp-content\/uploads\/2023\/02\/image-28.png\" data-orig-size=\"768,1024\" data-comments-opened=\"1\" data-image-meta=\"{&quot;aperture&quot;:&quot;0&quot;,&quot;credit&quot;:&quot;&quot;,&quot;camera&quot;:&quot;&quot;,&quot;caption&quot;:&quot;&quot;,&quot;created_timestamp&quot;:&quot;0&quot;,&quot;copyright&quot;:&quot;&quot;,&quot;focal_length&quot;:&quot;0&quot;,&quot;iso&quot;:&quot;0&quot;,&quot;shutter_speed&quot;:&quot;0&quot;,&quot;title&quot;:&quot;&quot;,&quot;orientation&quot;:&quot;0&quot;}\" data-image-title=\"image-28\" data-image-description=\"\" data-image-caption=\"\" data-large-file=\"https:\/\/ecole-saint-joseph-44690.fr\/blog\/wp-content\/uploads\/2023\/02\/image-28.png\" src=\"https:\/\/ecole-saint-joseph-44690.fr\/blog\/wp-content\/uploads\/2023\/02\/image-28.png\" alt=\"\" class=\"wp-image-8187\" srcset=\"https:\/\/ecole-saint-joseph-44690.fr\/blog\/wp-content\/uploads\/2023\/02\/image-28.png 768w, https:\/\/ecole-saint-joseph-44690.fr\/blog\/wp-content\/uploads\/2023\/02\/image-28-225x300.png 225w\" sizes=\"auto, (max-width: 768px) 100vw, 768px\" \/><\/a><\/figure>\n\n\n\n<figure class=\"wp-block-image size-full\"><a href=\"https:\/\/ecole-saint-joseph-44690.fr\/blog\/wp-content\/uploads\/2023\/02\/image-30.png\"><img loading=\"lazy\" decoding=\"async\" width=\"768\" height=\"1024\" data-attachment-id=\"8189\" data-permalink=\"https:\/\/ecole-saint-joseph-44690.fr\/blog\/?attachment_id=8189\" data-orig-file=\"https:\/\/ecole-saint-joseph-44690.fr\/blog\/wp-content\/uploads\/2023\/02\/image-30.png\" data-orig-size=\"768,1024\" data-comments-opened=\"1\" data-image-meta=\"{&quot;aperture&quot;:&quot;0&quot;,&quot;credit&quot;:&quot;&quot;,&quot;camera&quot;:&quot;&quot;,&quot;caption&quot;:&quot;&quot;,&quot;created_timestamp&quot;:&quot;0&quot;,&quot;copyright&quot;:&quot;&quot;,&quot;focal_length&quot;:&quot;0&quot;,&quot;iso&quot;:&quot;0&quot;,&quot;shutter_speed&quot;:&quot;0&quot;,&quot;title&quot;:&quot;&quot;,&quot;orientation&quot;:&quot;0&quot;}\" data-image-title=\"image-30\" data-image-description=\"\" data-image-caption=\"\" data-large-file=\"https:\/\/ecole-saint-joseph-44690.fr\/blog\/wp-content\/uploads\/2023\/02\/image-30.png\" src=\"https:\/\/ecole-saint-joseph-44690.fr\/blog\/wp-content\/uploads\/2023\/02\/image-30.png\" alt=\"\" class=\"wp-image-8189\" srcset=\"https:\/\/ecole-saint-joseph-44690.fr\/blog\/wp-content\/uploads\/2023\/02\/image-30.png 768w, https:\/\/ecole-saint-joseph-44690.fr\/blog\/wp-content\/uploads\/2023\/02\/image-30-225x300.png 225w\" sizes=\"auto, (max-width: 768px) 100vw, 768px\" \/><\/a><\/figure>\n\n\n\n<figure class=\"wp-block-image size-full\"><a href=\"https:\/\/ecole-saint-joseph-44690.fr\/blog\/wp-content\/uploads\/2023\/02\/image-29.png\"><img loading=\"lazy\" decoding=\"async\" width=\"1024\" height=\"768\" data-attachment-id=\"8188\" data-permalink=\"https:\/\/ecole-saint-joseph-44690.fr\/blog\/?attachment_id=8188\" data-orig-file=\"https:\/\/ecole-saint-joseph-44690.fr\/blog\/wp-content\/uploads\/2023\/02\/image-29.png\" data-orig-size=\"1024,768\" data-comments-opened=\"1\" data-image-meta=\"{&quot;aperture&quot;:&quot;0&quot;,&quot;credit&quot;:&quot;&quot;,&quot;camera&quot;:&quot;&quot;,&quot;caption&quot;:&quot;&quot;,&quot;created_timestamp&quot;:&quot;0&quot;,&quot;copyright&quot;:&quot;&quot;,&quot;focal_length&quot;:&quot;0&quot;,&quot;iso&quot;:&quot;0&quot;,&quot;shutter_speed&quot;:&quot;0&quot;,&quot;title&quot;:&quot;&quot;,&quot;orientation&quot;:&quot;0&quot;}\" data-image-title=\"image-29\" data-image-description=\"\" data-image-caption=\"\" data-large-file=\"https:\/\/ecole-saint-joseph-44690.fr\/blog\/wp-content\/uploads\/2023\/02\/image-29.png\" src=\"https:\/\/ecole-saint-joseph-44690.fr\/blog\/wp-content\/uploads\/2023\/02\/image-29.png\" alt=\"\" class=\"wp-image-8188\" srcset=\"https:\/\/ecole-saint-joseph-44690.fr\/blog\/wp-content\/uploads\/2023\/02\/image-29.png 1024w, https:\/\/ecole-saint-joseph-44690.fr\/blog\/wp-content\/uploads\/2023\/02\/image-29-300x225.png 300w, https:\/\/ecole-saint-joseph-44690.fr\/blog\/wp-content\/uploads\/2023\/02\/image-29-768x576.png 768w\" sizes=\"auto, (max-width: 1024px) 100vw, 1024px\" \/><\/a><\/figure>\n","protected":false},"excerpt":{"rendered":"<p>Les cm1 ont suivi un protocole d\u2019exp\u00e9rience pour comprendre le fonctionnement d\u2019une pile. Les bulles et le zinc noirci ont montr\u00e9 qu\u2019une r\u00e9action chimique a eu lieu.<\/p>\n","protected":false},"author":4,"featured_media":0,"comment_status":"open","ping_status":"open","sticky":false,"template":"","format":"standard","meta":{"jetpack_post_was_ever_published":false,"_jetpack_newsletter_access":"","_jetpack_dont_email_post_to_subs":false,"_jetpack_newsletter_tier_id":0,"_jetpack_memberships_contains_paywalled_content":false,"_jetpack_memberships_contains_paid_content":false,"footnotes":"","jetpack_publicize_message":"","jetpack_publicize_feature_enabled":true,"jetpack_social_post_already_shared":true,"jetpack_social_options":{"image_generator_settings":{"template":"highway","default_image_id":0,"font":"","enabled":false},"version":2}},"categories":[92],"tags":[],"class_list":["post-8146","post","type-post","status-publish","format-standard","hentry","category-cm1"],"jetpack_publicize_connections":[],"jetpack_featured_media_url":"","jetpack_sharing_enabled":true,"jetpack_shortlink":"https:\/\/wp.me\/p5G85k-27o","jetpack_likes_enabled":true,"jetpack-related-posts":[{"id":8196,"url":"https:\/\/ecole-saint-joseph-44690.fr\/blog\/?p=8196","url_meta":{"origin":8146,"position":0},"title":"Recette de cuisine en anglais CM1 et CM2","author":"S\u00e9bastien JACOB","date":"27 janvier 2023","format":false,"excerpt":"Jeudi 27 janvier midi, quelques \u00e9l\u00e8ves ont r\u00e9alis\u00e9 une recette de cuisine que nous vous partageons en anglais. Ceci s'inscrit dans le\u00a0 cadre de la promotion\u00a0 de l'anglais \u00e0 l'\u00e9cole avec la participation d'Angelina (Service civique). Merci \u00e0 Angelina qui a r\u00e9alis\u00e9 les vid\u00e9o.\u00a0 La recette du salami au chocolat\u2026","rel":"","context":"Dans &quot;CM1&quot;","block_context":{"text":"CM1","link":"https:\/\/ecole-saint-joseph-44690.fr\/blog\/?cat=92"},"img":{"alt_text":"","src":"","width":0,"height":0},"classes":[]},{"id":8327,"url":"https:\/\/ecole-saint-joseph-44690.fr\/blog\/?p=8327","url_meta":{"origin":8146,"position":1},"title":"Sensibilisation des CM sur les r\u00e9seaux sociaux et le cyber harc\u00e8lement","author":"S\u00e9bastien JACOB","date":"13 juin 2023","format":false,"excerpt":"Intervention dans les classes de CE2\/CM1 et CM1\/CM2 de la BPDJ ( brigade de pr\u00e9vention de la d\u00e9linquance juv\u00e9nile) qui est venue parler des r\u00e9seaux sociaux et du cyber harc\u00e8lement. Les \u00e9l\u00e8ves ont \u00e9t\u00e9 tr\u00e8s int\u00e9ress\u00e9s. \u00c0 renouveler chaque ann\u00e9e.","rel":"","context":"Dans &quot;CE2&quot;","block_context":{"text":"CE2","link":"https:\/\/ecole-saint-joseph-44690.fr\/blog\/?cat=91"},"img":{"alt_text":"","src":"https:\/\/i0.wp.com\/ecole-saint-joseph-44690.fr\/blog\/wp-content\/uploads\/2023\/06\/WhatsApp-Image-2023-06-13-at-09.08.35.jpeg?resize=350%2C200&ssl=1","width":350,"height":200,"srcset":"https:\/\/i0.wp.com\/ecole-saint-joseph-44690.fr\/blog\/wp-content\/uploads\/2023\/06\/WhatsApp-Image-2023-06-13-at-09.08.35.jpeg?resize=350%2C200&ssl=1 1x, https:\/\/i0.wp.com\/ecole-saint-joseph-44690.fr\/blog\/wp-content\/uploads\/2023\/06\/WhatsApp-Image-2023-06-13-at-09.08.35.jpeg?resize=525%2C300&ssl=1 1.5x, https:\/\/i0.wp.com\/ecole-saint-joseph-44690.fr\/blog\/wp-content\/uploads\/2023\/06\/WhatsApp-Image-2023-06-13-at-09.08.35.jpeg?resize=700%2C400&ssl=1 2x"},"classes":[]},{"id":8432,"url":"https:\/\/ecole-saint-joseph-44690.fr\/blog\/?p=8432","url_meta":{"origin":8146,"position":2},"title":"CROSS inter \u00e9coles du coll\u00e8ge","author":"S\u00e9bastien JACOB","date":"29 septembre 2023","format":false,"excerpt":"Les \u00e9l\u00e8ves de CM1 et CM2 ont particip\u00e9 ce matin \u00e0 un cross au Coll\u00e8ge St Gabriel.","rel":"","context":"Dans &quot;CM1&quot;","block_context":{"text":"CM1","link":"https:\/\/ecole-saint-joseph-44690.fr\/blog\/?cat=92"},"img":{"alt_text":"","src":"https:\/\/i0.wp.com\/ecole-saint-joseph-44690.fr\/blog\/wp-content\/uploads\/2023\/10\/image-7.png?resize=350%2C200&ssl=1","width":350,"height":200,"srcset":"https:\/\/i0.wp.com\/ecole-saint-joseph-44690.fr\/blog\/wp-content\/uploads\/2023\/10\/image-7.png?resize=350%2C200&ssl=1 1x, https:\/\/i0.wp.com\/ecole-saint-joseph-44690.fr\/blog\/wp-content\/uploads\/2023\/10\/image-7.png?resize=525%2C300&ssl=1 1.5x, https:\/\/i0.wp.com\/ecole-saint-joseph-44690.fr\/blog\/wp-content\/uploads\/2023\/10\/image-7.png?resize=700%2C400&ssl=1 2x"},"classes":[]},{"id":8467,"url":"https:\/\/ecole-saint-joseph-44690.fr\/blog\/?p=8467","url_meta":{"origin":8146,"position":3},"title":"\u00c9lection du CME","author":"S\u00e9bastien JACOB","date":"12 octobre 2023","format":false,"excerpt":"jeudi 12 octobreLes \u00e9l\u00e8ves de CE2 CM1 et CM2 ont \u00e9lu leurs repr\u00e9sentants au CME ( conseil municipal des enfants). Noann, Zo\u00e9, Melyne, Justine et Maelanne sont \u00e9lus pour 2 ans. Bravo et f\u00e9licitations pour cette premi\u00e8re responsabilit\u00e9\u00a0officielle.","rel":"","context":"Dans &quot;CM1&quot;","block_context":{"text":"CM1","link":"https:\/\/ecole-saint-joseph-44690.fr\/blog\/?cat=92"},"img":{"alt_text":"","src":"https:\/\/i0.wp.com\/ecole-saint-joseph-44690.fr\/blog\/wp-content\/uploads\/2023\/10\/WhatsApp-Image-2023-10-14-a-09.21.03_c0314eb5.jpg?resize=350%2C200&ssl=1","width":350,"height":200,"srcset":"https:\/\/i0.wp.com\/ecole-saint-joseph-44690.fr\/blog\/wp-content\/uploads\/2023\/10\/WhatsApp-Image-2023-10-14-a-09.21.03_c0314eb5.jpg?resize=350%2C200&ssl=1 1x, https:\/\/i0.wp.com\/ecole-saint-joseph-44690.fr\/blog\/wp-content\/uploads\/2023\/10\/WhatsApp-Image-2023-10-14-a-09.21.03_c0314eb5.jpg?resize=525%2C300&ssl=1 1.5x, https:\/\/i0.wp.com\/ecole-saint-joseph-44690.fr\/blog\/wp-content\/uploads\/2023\/10\/WhatsApp-Image-2023-10-14-a-09.21.03_c0314eb5.jpg?resize=700%2C400&ssl=1 2x"},"classes":[]},{"id":8610,"url":"https:\/\/ecole-saint-joseph-44690.fr\/blog\/?p=8610","url_meta":{"origin":8146,"position":4},"title":"VOYAGE DES CM1\/CM2 EN ESPAGNE","author":"S\u00e9bastien JACOB","date":"30 mars 2025","format":false,"excerpt":"Les \u00e9l\u00e8ves de CM1 et CM2 se sont envol\u00e9s vers la ville de Los Corrales de Buelna, en Espagne, jumel\u00e9e avec la Haye Fouassi\u00e8re. ( https:\/\/www.facebook.com\/jumelage.lhf.lcdb )1er jour Apr\u00e8s un long temps de jeux dehors \u00e0 profiter du soleil et du paysage, premier temps de veill\u00e9e pour les \u00e9l\u00e8ves.2eme jour\u2026","rel":"","context":"Dans &quot;CM1&quot;","block_context":{"text":"CM1","link":"https:\/\/ecole-saint-joseph-44690.fr\/blog\/?cat=92"},"img":{"alt_text":"","src":"https:\/\/i0.wp.com\/ecole-saint-joseph-44690.fr\/blog\/wp-content\/uploads\/2025\/03\/488165733_1252816673379099_8410486082268166882_n-150x150.jpg?resize=350%2C200&ssl=1","width":350,"height":200,"srcset":"https:\/\/i0.wp.com\/ecole-saint-joseph-44690.fr\/blog\/wp-content\/uploads\/2025\/03\/488165733_1252816673379099_8410486082268166882_n-150x150.jpg?resize=350%2C200&ssl=1 1x, https:\/\/i0.wp.com\/ecole-saint-joseph-44690.fr\/blog\/wp-content\/uploads\/2025\/03\/488165733_1252816673379099_8410486082268166882_n-150x150.jpg?resize=525%2C300&ssl=1 1.5x, https:\/\/i0.wp.com\/ecole-saint-joseph-44690.fr\/blog\/wp-content\/uploads\/2025\/03\/488165733_1252816673379099_8410486082268166882_n-150x150.jpg?resize=700%2C400&ssl=1 2x, https:\/\/i0.wp.com\/ecole-saint-joseph-44690.fr\/blog\/wp-content\/uploads\/2025\/03\/488165733_1252816673379099_8410486082268166882_n-150x150.jpg?resize=1050%2C600&ssl=1 3x, https:\/\/i0.wp.com\/ecole-saint-joseph-44690.fr\/blog\/wp-content\/uploads\/2025\/03\/488165733_1252816673379099_8410486082268166882_n-150x150.jpg?resize=1400%2C800&ssl=1 4x"},"classes":[]},{"id":8289,"url":"https:\/\/ecole-saint-joseph-44690.fr\/blog\/?p=8289","url_meta":{"origin":8146,"position":5},"title":"VOYAGE EN NORMANDIE","author":"S\u00e9bastien JACOB","date":"18 mai 2023","format":false,"excerpt":"Les \u00e9l\u00e8ves de CM1 et de CM2 sont partis 3 jours en Normandie.Au programme, d\u00e9couverte de le char \u00e0 voile, les batteries allemandes de Longues sur Mer, pique nique \u00e0 Omaha Beach puis d\u00e9couverte d'un cimeti\u00e8re am\u00e9ricain.","rel":"","context":"Dans &quot;CM1&quot;","block_context":{"text":"CM1","link":"https:\/\/ecole-saint-joseph-44690.fr\/blog\/?cat=92"},"img":{"alt_text":"","src":"https:\/\/i0.wp.com\/ecole-saint-joseph-44690.fr\/blog\/wp-content\/uploads\/2023\/06\/345031067_963168271372378_259408839792834165_n-150x150.jpg?resize=350%2C200&ssl=1","width":350,"height":200,"srcset":"https:\/\/i0.wp.com\/ecole-saint-joseph-44690.fr\/blog\/wp-content\/uploads\/2023\/06\/345031067_963168271372378_259408839792834165_n-150x150.jpg?resize=350%2C200&ssl=1 1x, https:\/\/i0.wp.com\/ecole-saint-joseph-44690.fr\/blog\/wp-content\/uploads\/2023\/06\/345031067_963168271372378_259408839792834165_n-150x150.jpg?resize=525%2C300&ssl=1 1.5x, https:\/\/i0.wp.com\/ecole-saint-joseph-44690.fr\/blog\/wp-content\/uploads\/2023\/06\/345031067_963168271372378_259408839792834165_n-150x150.jpg?resize=700%2C400&ssl=1 2x"},"classes":[]}],"_links":{"self":[{"href":"https:\/\/ecole-saint-joseph-44690.fr\/blog\/index.php?rest_route=\/wp\/v2\/posts\/8146","targetHints":{"allow":["GET"]}}],"collection":[{"href":"https:\/\/ecole-saint-joseph-44690.fr\/blog\/index.php?rest_route=\/wp\/v2\/posts"}],"about":[{"href":"https:\/\/ecole-saint-joseph-44690.fr\/blog\/index.php?rest_route=\/wp\/v2\/types\/post"}],"author":[{"embeddable":true,"href":"https:\/\/ecole-saint-joseph-44690.fr\/blog\/index.php?rest_route=\/wp\/v2\/users\/4"}],"replies":[{"embeddable":true,"href":"https:\/\/ecole-saint-joseph-44690.fr\/blog\/index.php?rest_route=%2Fwp%2Fv2%2Fcomments&post=8146"}],"version-history":[{"count":2,"href":"https:\/\/ecole-saint-joseph-44690.fr\/blog\/index.php?rest_route=\/wp\/v2\/posts\/8146\/revisions"}],"predecessor-version":[{"id":8194,"href":"https:\/\/ecole-saint-joseph-44690.fr\/blog\/index.php?rest_route=\/wp\/v2\/posts\/8146\/revisions\/8194"}],"wp:attachment":[{"href":"https:\/\/ecole-saint-joseph-44690.fr\/blog\/index.php?rest_route=%2Fwp%2Fv2%2Fmedia&parent=8146"}],"wp:term":[{"taxonomy":"category","embeddable":true,"href":"https:\/\/ecole-saint-joseph-44690.fr\/blog\/index.php?rest_route=%2Fwp%2Fv2%2Fcategories&post=8146"},{"taxonomy":"post_tag","embeddable":true,"href":"https:\/\/ecole-saint-joseph-44690.fr\/blog\/index.php?rest_route=%2Fwp%2Fv2%2Ftags&post=8146"}],"curies":[{"name":"wp","href":"https:\/\/api.w.org\/{rel}","templated":true}]}}