{"id":8115,"date":"2022-12-05T22:01:46","date_gmt":"2022-12-05T21:01:46","guid":{"rendered":"https:\/\/ecole-saint-joseph-44690.fr\/blog\/?p=8115"},"modified":"2022-12-05T22:39:59","modified_gmt":"2022-12-05T21:39:59","slug":"visite-de-la-cuisine-centrale-convivio-au-lycee-charles-peguy-gorges","status":"publish","type":"post","link":"https:\/\/ecole-saint-joseph-44690.fr\/blog\/?p=8115","title":{"rendered":"Visite de la cuisine centrale CONVIVIO au lyc\u00e9e Charles PEGUY (Gorges)"},"content":{"rendered":"\n<p>Les d\u00e9l\u00e9gu\u00e9s des classes primaires se sont rendus \u00e0 la cuisine centrale de Charles P\u00e9guy, le mardi 22 novembre 2022. Ils ont rencontr\u00e9 le chef cuisinier Stephen MEIGNEN. D&rsquo;autres rencontres auront lieu dans l&rsquo;ann\u00e9e (22 mars et 30 mai 2023). Des parents d&rsquo;\u00e9l\u00e8ves accompagnaient la sortie. <\/p>\n\n\n\n<p>Une commission cantine se r\u00e9unira le 6 janvier 2023. Elle permettra aux \u00e9l\u00e8ves de composer un menu de leur choix en collaboration avec le chef cuisinier. <\/p>\n\n\n\n<figure class=\"wp-block-gallery has-nested-images columns-default is-cropped wp-block-gallery-1 is-layout-flex wp-block-gallery-is-layout-flex\">\n<figure class=\"wp-block-image size-full\"><a href=\"https:\/\/ecole-saint-joseph-44690.fr\/blog\/wp-content\/uploads\/2022\/12\/UNADJUSTEDNONRAW_thumb_47e8.jpg\"><img loading=\"lazy\" decoding=\"async\" width=\"1024\" height=\"768\" data-attachment-id=\"8117\" data-permalink=\"https:\/\/ecole-saint-joseph-44690.fr\/blog\/?attachment_id=8117\" data-orig-file=\"https:\/\/ecole-saint-joseph-44690.fr\/blog\/wp-content\/uploads\/2022\/12\/UNADJUSTEDNONRAW_thumb_47e8.jpg\" data-orig-size=\"1024,768\" data-comments-opened=\"1\" data-image-meta=\"{&quot;aperture&quot;:&quot;0&quot;,&quot;credit&quot;:&quot;&quot;,&quot;camera&quot;:&quot;&quot;,&quot;caption&quot;:&quot;&quot;,&quot;created_timestamp&quot;:&quot;0&quot;,&quot;copyright&quot;:&quot;&quot;,&quot;focal_length&quot;:&quot;0&quot;,&quot;iso&quot;:&quot;0&quot;,&quot;shutter_speed&quot;:&quot;0&quot;,&quot;title&quot;:&quot;&quot;,&quot;orientation&quot;:&quot;1&quot;}\" data-image-title=\"UNADJUSTEDNONRAW_thumb_47e8\" data-image-description=\"\" data-image-caption=\"\" data-large-file=\"https:\/\/ecole-saint-joseph-44690.fr\/blog\/wp-content\/uploads\/2022\/12\/UNADJUSTEDNONRAW_thumb_47e8.jpg\" data-id=\"8117\" src=\"https:\/\/ecole-saint-joseph-44690.fr\/blog\/wp-content\/uploads\/2022\/12\/UNADJUSTEDNONRAW_thumb_47e8.jpg\" alt=\"\" class=\"wp-image-8117\" srcset=\"https:\/\/ecole-saint-joseph-44690.fr\/blog\/wp-content\/uploads\/2022\/12\/UNADJUSTEDNONRAW_thumb_47e8.jpg 1024w, https:\/\/ecole-saint-joseph-44690.fr\/blog\/wp-content\/uploads\/2022\/12\/UNADJUSTEDNONRAW_thumb_47e8-300x225.jpg 300w, https:\/\/ecole-saint-joseph-44690.fr\/blog\/wp-content\/uploads\/2022\/12\/UNADJUSTEDNONRAW_thumb_47e8-768x576.jpg 768w\" sizes=\"auto, (max-width: 1024px) 100vw, 1024px\" \/><\/a><\/figure>\n<\/figure>\n\n\n\n<figure class=\"wp-block-image size-full is-resized\"><a href=\"https:\/\/ecole-saint-joseph-44690.fr\/blog\/wp-content\/uploads\/2022\/12\/UNADJUSTEDNONRAW_thumb_47b0.jpg\"><img loading=\"lazy\" decoding=\"async\" data-attachment-id=\"8116\" data-permalink=\"https:\/\/ecole-saint-joseph-44690.fr\/blog\/?attachment_id=8116\" data-orig-file=\"https:\/\/ecole-saint-joseph-44690.fr\/blog\/wp-content\/uploads\/2022\/12\/UNADJUSTEDNONRAW_thumb_47b0.jpg\" data-orig-size=\"1024,768\" data-comments-opened=\"1\" data-image-meta=\"{&quot;aperture&quot;:&quot;0&quot;,&quot;credit&quot;:&quot;&quot;,&quot;camera&quot;:&quot;&quot;,&quot;caption&quot;:&quot;&quot;,&quot;created_timestamp&quot;:&quot;0&quot;,&quot;copyright&quot;:&quot;&quot;,&quot;focal_length&quot;:&quot;0&quot;,&quot;iso&quot;:&quot;0&quot;,&quot;shutter_speed&quot;:&quot;0&quot;,&quot;title&quot;:&quot;&quot;,&quot;orientation&quot;:&quot;1&quot;}\" data-image-title=\"UNADJUSTEDNONRAW_thumb_47b0\" data-image-description=\"\" data-image-caption=\"\" data-large-file=\"https:\/\/ecole-saint-joseph-44690.fr\/blog\/wp-content\/uploads\/2022\/12\/UNADJUSTEDNONRAW_thumb_47b0.jpg\" src=\"https:\/\/ecole-saint-joseph-44690.fr\/blog\/wp-content\/uploads\/2022\/12\/UNADJUSTEDNONRAW_thumb_47b0.jpg\" alt=\"\" class=\"wp-image-8116\" width=\"472\" height=\"354\" srcset=\"https:\/\/ecole-saint-joseph-44690.fr\/blog\/wp-content\/uploads\/2022\/12\/UNADJUSTEDNONRAW_thumb_47b0.jpg 1024w, https:\/\/ecole-saint-joseph-44690.fr\/blog\/wp-content\/uploads\/2022\/12\/UNADJUSTEDNONRAW_thumb_47b0-300x225.jpg 300w, https:\/\/ecole-saint-joseph-44690.fr\/blog\/wp-content\/uploads\/2022\/12\/UNADJUSTEDNONRAW_thumb_47b0-768x576.jpg 768w\" sizes=\"auto, (max-width: 472px) 100vw, 472px\" \/><\/a><\/figure>\n\n\n","protected":false},"excerpt":{"rendered":"<p>Les d\u00e9l\u00e9gu\u00e9s des classes primaires se sont rendus \u00e0 la cuisine centrale de Charles P\u00e9guy, le mardi 22 novembre 2022. Ils ont rencontr\u00e9 le chef cuisinier Stephen MEIGNEN. D&rsquo;autres rencontres auront lieu dans l&rsquo;ann\u00e9e (22 mars et 30 mai 2023). Des parents d&rsquo;\u00e9l\u00e8ves accompagnaient la sortie. Une commission cantine se r\u00e9unira le 6 janvier 2023. &hellip; <a href=\"https:\/\/ecole-saint-joseph-44690.fr\/blog\/?p=8115\" class=\"more-link\">Continuer la lecture de <span class=\"screen-reader-text\">Visite de la cuisine centrale CONVIVIO au lyc\u00e9e Charles PEGUY (Gorges)<\/span>  <span class=\"meta-nav\">&rarr;<\/span><\/a><\/p>\n","protected":false},"author":1,"featured_media":8118,"comment_status":"open","ping_status":"open","sticky":false,"template":"","format":"standard","meta":{"jetpack_post_was_ever_published":true,"_jetpack_newsletter_access":"","_jetpack_dont_email_post_to_subs":false,"_jetpack_newsletter_tier_id":0,"_jetpack_memberships_contains_paywalled_content":false,"_jetpack_memberships_contains_paid_content":false,"footnotes":"","jetpack_publicize_message":"","jetpack_publicize_feature_enabled":true,"jetpack_social_post_already_shared":true,"jetpack_social_options":{"image_generator_settings":{"template":"highway","default_image_id":0,"font":"","enabled":false},"version":2}},"categories":[1],"tags":[],"class_list":["post-8115","post","type-post","status-publish","format-standard","has-post-thumbnail","hentry","category-general"],"jetpack_publicize_connections":[],"jetpack_featured_media_url":"https:\/\/ecole-saint-joseph-44690.fr\/blog\/wp-content\/uploads\/2022\/12\/UNADJUSTEDNONRAW_thumb_47d0.jpg","jetpack_sharing_enabled":true,"jetpack_shortlink":"https:\/\/wp.me\/p5G85k-26T","jetpack_likes_enabled":true,"jetpack-related-posts":[{"id":8247,"url":"https:\/\/ecole-saint-joseph-44690.fr\/blog\/?p=8247","url_meta":{"origin":8115,"position":0},"title":"Initiation au langage des signes aux \u00e9l\u00e8ves de CE1\/CE2 par les lyc\u00e9ens de Charles Peguy .","author":"S\u00e9bastien JACOB","date":"7 juin 2023","format":false,"excerpt":"Le mardi 06 juin , les \u00e9l\u00e8ves ont appris l\u2019alphabet, leur pr\u00e9nom et des expressions courantes.Cette initiation sera propos\u00e9e \u00e0 tous l\u2019ann\u00e9e prochaine.","rel":"","context":"Dans &quot;CE1&quot;","block_context":{"text":"CE1","link":"https:\/\/ecole-saint-joseph-44690.fr\/blog\/?cat=90"},"img":{"alt_text":"","src":"https:\/\/i0.wp.com\/ecole-saint-joseph-44690.fr\/blog\/wp-content\/uploads\/2023\/06\/WhatsApp-Image-2023-06-07-at-08.11.25-150x150.jpeg?resize=350%2C200&ssl=1","width":350,"height":200,"srcset":"https:\/\/i0.wp.com\/ecole-saint-joseph-44690.fr\/blog\/wp-content\/uploads\/2023\/06\/WhatsApp-Image-2023-06-07-at-08.11.25-150x150.jpeg?resize=350%2C200&ssl=1 1x, https:\/\/i0.wp.com\/ecole-saint-joseph-44690.fr\/blog\/wp-content\/uploads\/2023\/06\/WhatsApp-Image-2023-06-07-at-08.11.25-150x150.jpeg?resize=525%2C300&ssl=1 1.5x, https:\/\/i0.wp.com\/ecole-saint-joseph-44690.fr\/blog\/wp-content\/uploads\/2023\/06\/WhatsApp-Image-2023-06-07-at-08.11.25-150x150.jpeg?resize=700%2C400&ssl=1 2x"},"classes":[]},{"id":8196,"url":"https:\/\/ecole-saint-joseph-44690.fr\/blog\/?p=8196","url_meta":{"origin":8115,"position":1},"title":"Recette de cuisine en anglais CM1 et CM2","author":"S\u00e9bastien JACOB","date":"27 janvier 2023","format":false,"excerpt":"Jeudi 27 janvier midi, quelques \u00e9l\u00e8ves ont r\u00e9alis\u00e9 une recette de cuisine que nous vous partageons en anglais. Ceci s'inscrit dans le\u00a0 cadre de la promotion\u00a0 de l'anglais \u00e0 l'\u00e9cole avec la participation d'Angelina (Service civique). Merci \u00e0 Angelina qui a r\u00e9alis\u00e9 les vid\u00e9o.\u00a0 La recette du salami au chocolat\u2026","rel":"","context":"Dans &quot;CM1&quot;","block_context":{"text":"CM1","link":"https:\/\/ecole-saint-joseph-44690.fr\/blog\/?cat=92"},"img":{"alt_text":"","src":"","width":0,"height":0},"classes":[]},{"id":8473,"url":"https:\/\/ecole-saint-joseph-44690.fr\/blog\/?p=8473","url_meta":{"origin":8115,"position":2},"title":"MATIN\u00c9E TRAVAUX","author":"S\u00e9bastien JACOB","date":"14 octobre 2023","format":false,"excerpt":"samedi 14 octobre Matin\u00e9e travaux \u00e0 l'\u00e9cole. Au programme : peinture de la classe d'Isabelle, agrandissement de l'ouverture entre la cuisine et la cantine et mise en place d'\u00e9tag\u00e8res dans le local r\u00e9serve. Merci aux parents pour ces travaux.","rel":"","context":"Dans &quot;G\u00e9n\u00e9ral&quot;","block_context":{"text":"G\u00e9n\u00e9ral","link":"https:\/\/ecole-saint-joseph-44690.fr\/blog\/?cat=1"},"img":{"alt_text":"","src":"https:\/\/i0.wp.com\/ecole-saint-joseph-44690.fr\/blog\/wp-content\/uploads\/2023\/10\/image-20.png?resize=350%2C200&ssl=1","width":350,"height":200,"srcset":"https:\/\/i0.wp.com\/ecole-saint-joseph-44690.fr\/blog\/wp-content\/uploads\/2023\/10\/image-20.png?resize=350%2C200&ssl=1 1x, https:\/\/i0.wp.com\/ecole-saint-joseph-44690.fr\/blog\/wp-content\/uploads\/2023\/10\/image-20.png?resize=525%2C300&ssl=1 1.5x, https:\/\/i0.wp.com\/ecole-saint-joseph-44690.fr\/blog\/wp-content\/uploads\/2023\/10\/image-20.png?resize=700%2C400&ssl=1 2x, https:\/\/i0.wp.com\/ecole-saint-joseph-44690.fr\/blog\/wp-content\/uploads\/2023\/10\/image-20.png?resize=1050%2C600&ssl=1 3x, https:\/\/i0.wp.com\/ecole-saint-joseph-44690.fr\/blog\/wp-content\/uploads\/2023\/10\/image-20.png?resize=1400%2C800&ssl=1 4x"},"classes":[]},{"id":8620,"url":"https:\/\/ecole-saint-joseph-44690.fr\/blog\/?p=8620","url_meta":{"origin":8115,"position":3},"title":"VOYAGE EN ESPAGNE 2025 (jours 3 4 5)","author":"S\u00e9bastien JACOB","date":"2 avril 2025","format":false,"excerpt":"Jour3:Les \u00e9l\u00e8ves ont d\u00e9couvert l'\u00e9cole de Los Corrales de Buelna. Puis ils ont eu une visite guid\u00e9e de la ville, par des \u00e9l\u00e8ves espagnols de 6e. Pique nique et apr\u00e8s midi \u00e0 Comillas pour visiter \u00able caprice de Gaud\u00ed \u00bb, c\u2019\u00e9tait sublime ! Les enfants ont aussi eu la chance\u2026","rel":"","context":"Dans &quot;CM1&quot;","block_context":{"text":"CM1","link":"https:\/\/ecole-saint-joseph-44690.fr\/blog\/?cat=92"},"img":{"alt_text":"","src":"https:\/\/i0.wp.com\/ecole-saint-joseph-44690.fr\/blog\/wp-content\/uploads\/2025\/04\/488268890_1254961133164653_3509363775231215163_n-150x150.jpg?resize=350%2C200&ssl=1","width":350,"height":200,"srcset":"https:\/\/i0.wp.com\/ecole-saint-joseph-44690.fr\/blog\/wp-content\/uploads\/2025\/04\/488268890_1254961133164653_3509363775231215163_n-150x150.jpg?resize=350%2C200&ssl=1 1x, https:\/\/i0.wp.com\/ecole-saint-joseph-44690.fr\/blog\/wp-content\/uploads\/2025\/04\/488268890_1254961133164653_3509363775231215163_n-150x150.jpg?resize=525%2C300&ssl=1 1.5x, https:\/\/i0.wp.com\/ecole-saint-joseph-44690.fr\/blog\/wp-content\/uploads\/2025\/04\/488268890_1254961133164653_3509363775231215163_n-150x150.jpg?resize=700%2C400&ssl=1 2x, https:\/\/i0.wp.com\/ecole-saint-joseph-44690.fr\/blog\/wp-content\/uploads\/2025\/04\/488268890_1254961133164653_3509363775231215163_n-150x150.jpg?resize=1050%2C600&ssl=1 3x, https:\/\/i0.wp.com\/ecole-saint-joseph-44690.fr\/blog\/wp-content\/uploads\/2025\/04\/488268890_1254961133164653_3509363775231215163_n-150x150.jpg?resize=1400%2C800&ssl=1 4x"},"classes":[]},{"id":8413,"url":"https:\/\/ecole-saint-joseph-44690.fr\/blog\/?p=8413","url_meta":{"origin":8115,"position":4},"title":"Remise des dipl\u00f4mes aux CM2","author":"S\u00e9bastien JACOB","date":"7 juillet 2023","format":false,"excerpt":"Remise des dipl\u00f4mes de fin d'\u00e9cole primaire aux CM2","rel":"","context":"Dans &quot;CM2&quot;","block_context":{"text":"CM2","link":"https:\/\/ecole-saint-joseph-44690.fr\/blog\/?cat=93"},"img":{"alt_text":"","src":"https:\/\/i0.wp.com\/ecole-saint-joseph-44690.fr\/blog\/wp-content\/uploads\/2023\/07\/WhatsApp-Image-2023-07-09-a-06.45.111.jpg?resize=350%2C200&ssl=1","width":350,"height":200,"srcset":"https:\/\/i0.wp.com\/ecole-saint-joseph-44690.fr\/blog\/wp-content\/uploads\/2023\/07\/WhatsApp-Image-2023-07-09-a-06.45.111.jpg?resize=350%2C200&ssl=1 1x, https:\/\/i0.wp.com\/ecole-saint-joseph-44690.fr\/blog\/wp-content\/uploads\/2023\/07\/WhatsApp-Image-2023-07-09-a-06.45.111.jpg?resize=525%2C300&ssl=1 1.5x, https:\/\/i0.wp.com\/ecole-saint-joseph-44690.fr\/blog\/wp-content\/uploads\/2023\/07\/WhatsApp-Image-2023-07-09-a-06.45.111.jpg?resize=700%2C400&ssl=1 2x"},"classes":[]},{"id":8261,"url":"https:\/\/ecole-saint-joseph-44690.fr\/blog\/?p=8261","url_meta":{"origin":8115,"position":5},"title":"CONCOURS DE LECTURE \u00ab\u00a0PRIX DES INCORRUPTIBLES\u00a0\u00bb","author":"S\u00e9bastien JACOB","date":"12 mai 2023","format":false,"excerpt":"Tous les \u00e9l\u00e8ves de l\u2019\u00e9cole ont particip\u00e9 au vote du concours de lecture \u00ab Prix des incorruptibles \u00bb. Merci \u00e0 Chrystelle ( biblioth\u00e8que municipale) d\u2019avoir organis\u00e9 le vote \u00e0 la mairie. Cela a permis aux \u00e9l\u00e8ves d\u2019\u00eatre dans des conditions r\u00e9elles.","rel":"","context":"Dans &quot;Ecole&quot;","block_context":{"text":"Ecole","link":"https:\/\/ecole-saint-joseph-44690.fr\/blog\/?cat=11"},"img":{"alt_text":"","src":"https:\/\/i0.wp.com\/ecole-saint-joseph-44690.fr\/blog\/wp-content\/uploads\/2023\/06\/WhatsApp-Image-2023-05-14-at-16.17.03-1-2.jpeg?resize=350%2C200&ssl=1","width":350,"height":200,"srcset":"https:\/\/i0.wp.com\/ecole-saint-joseph-44690.fr\/blog\/wp-content\/uploads\/2023\/06\/WhatsApp-Image-2023-05-14-at-16.17.03-1-2.jpeg?resize=350%2C200&ssl=1 1x, https:\/\/i0.wp.com\/ecole-saint-joseph-44690.fr\/blog\/wp-content\/uploads\/2023\/06\/WhatsApp-Image-2023-05-14-at-16.17.03-1-2.jpeg?resize=525%2C300&ssl=1 1.5x, https:\/\/i0.wp.com\/ecole-saint-joseph-44690.fr\/blog\/wp-content\/uploads\/2023\/06\/WhatsApp-Image-2023-05-14-at-16.17.03-1-2.jpeg?resize=700%2C400&ssl=1 2x"},"classes":[]}],"_links":{"self":[{"href":"https:\/\/ecole-saint-joseph-44690.fr\/blog\/index.php?rest_route=\/wp\/v2\/posts\/8115","targetHints":{"allow":["GET"]}}],"collection":[{"href":"https:\/\/ecole-saint-joseph-44690.fr\/blog\/index.php?rest_route=\/wp\/v2\/posts"}],"about":[{"href":"https:\/\/ecole-saint-joseph-44690.fr\/blog\/index.php?rest_route=\/wp\/v2\/types\/post"}],"author":[{"embeddable":true,"href":"https:\/\/ecole-saint-joseph-44690.fr\/blog\/index.php?rest_route=\/wp\/v2\/users\/1"}],"replies":[{"embeddable":true,"href":"https:\/\/ecole-saint-joseph-44690.fr\/blog\/index.php?rest_route=%2Fwp%2Fv2%2Fcomments&post=8115"}],"version-history":[{"count":1,"href":"https:\/\/ecole-saint-joseph-44690.fr\/blog\/index.php?rest_route=\/wp\/v2\/posts\/8115\/revisions"}],"predecessor-version":[{"id":8119,"href":"https:\/\/ecole-saint-joseph-44690.fr\/blog\/index.php?rest_route=\/wp\/v2\/posts\/8115\/revisions\/8119"}],"wp:featuredmedia":[{"embeddable":true,"href":"https:\/\/ecole-saint-joseph-44690.fr\/blog\/index.php?rest_route=\/wp\/v2\/media\/8118"}],"wp:attachment":[{"href":"https:\/\/ecole-saint-joseph-44690.fr\/blog\/index.php?rest_route=%2Fwp%2Fv2%2Fmedia&parent=8115"}],"wp:term":[{"taxonomy":"category","embeddable":true,"href":"https:\/\/ecole-saint-joseph-44690.fr\/blog\/index.php?rest_route=%2Fwp%2Fv2%2Fcategories&post=8115"},{"taxonomy":"post_tag","embeddable":true,"href":"https:\/\/ecole-saint-joseph-44690.fr\/blog\/index.php?rest_route=%2Fwp%2Fv2%2Ftags&post=8115"}],"curies":[{"name":"wp","href":"https:\/\/api.w.org\/{rel}","templated":true}]}}