{"id":8090,"date":"2022-07-04T19:27:32","date_gmt":"2022-07-04T17:27:32","guid":{"rendered":"https:\/\/ecole-saint-joseph-44690.fr\/blog\/?p=8090"},"modified":"2022-07-04T19:27:36","modified_gmt":"2022-07-04T17:27:36","slug":"kermesse","status":"publish","type":"post","link":"https:\/\/ecole-saint-joseph-44690.fr\/blog\/?p=8090","title":{"rendered":"KERMESSE"},"content":{"rendered":"\n<p>Apr\u00e8s deux ans d&rsquo;absence, dimanche dernier marquait le retour de la kermesse de l&rsquo;\u00e9cole au Moulin des Landes. Un \u00e9v\u00e9nement tr\u00e8s attendu par les petits mais aussi les grands !<\/p>\n\n\n\n<p>Au programme : moules-frites, p\u00eache aux canards, bowling, tatouages, ch\u00e2teaux gonflables&#8230;et bien s\u00fbr les danses propos\u00e9es par l&rsquo;\u00e9quipe enseignante et les enfants. Une magnifique journ\u00e9e organis\u00e9e par l&rsquo;APEL.<\/p>\n\n\n\n<p>Un grand merci \u00e0 l&rsquo;APEL et aux parents qui ont aid\u00e9 au bon d\u00e9roulement de cette journ\u00e9e et qui ont donn\u00e9 de leur temps pour tenir un stand, d\u00e9monter le dimanche soir, etc&#8230;<\/p>\n\n\n\n<p>Un grand merci \u00e9galement aux entreprises qui ont sponsoris\u00e9 cet \u00e9v\u00e9nement.<\/p>\n\n\n\n<figure class=\"wp-block-image\"><img decoding=\"async\" src=\"https:\/\/scontent-cdg2-1.xx.fbcdn.net\/v\/t39.30808-6\/291061547_2868017786677143_6356149678798999450_n.jpg?_nc_cat=104&amp;ccb=1-7&amp;_nc_sid=730e14&amp;_nc_ohc=Prr06qcuDAoAX_AbB74&amp;_nc_ht=scontent-cdg2-1.xx&amp;oh=00_AT9mk5dtT_iFdZmrKvvh8F5kuHlv0ssuD5mE5kCeGcbtbQ&amp;oe=62C74E06\" alt=\"Peut \u00eatre une image de 15 personnes, enfant, personnes debout et plein air\"\/><\/figure>\n\n\n\n<figure class=\"wp-block-image\"><img decoding=\"async\" src=\"https:\/\/scontent-cdt1-1.xx.fbcdn.net\/v\/t39.30808-6\/291060458_2868022776676644_2006532656609974485_n.jpg?_nc_cat=101&amp;ccb=1-7&amp;_nc_sid=730e14&amp;_nc_ohc=wnSNmswt95YAX9cdh62&amp;_nc_ht=scontent-cdt1-1.xx&amp;oh=00_AT8sd9K3cbV8gA6ynvu4ZTSGLv2ToTx7OIq7U1RJ_l_B9w&amp;oe=62C8DDF4\" alt=\"Peut \u00eatre une image de 7 personnes, enfant, personnes debout et plein air\"\/><figcaption><img decoding=\"async\" src=\"https:\/\/scontent-cdt1-1.xx.fbcdn.net\/v\/t39.30808-6\/290977529_2868069476671974_2713064072455106284_n.jpg?_nc_cat=103&amp;ccb=1-7&amp;_nc_sid=730e14&amp;_nc_ohc=OJ0Y31E9BpAAX-17Kfy&amp;tn=IoH4b_wjD4_3M8h-&amp;_nc_ht=scontent-cdt1-1.xx&amp;oh=00_AT_ohxWUz_Gh4tg6b9fdgnLZg2qhGnNCWtUk5XIAscmzuw&amp;oe=62C8AD3F\" alt=\"Peut \u00eatre une image de 11 personnes, enfant, personnes debout, chaussures et plein air\"><\/figcaption><\/figure>\n\n\n\n<figure class=\"wp-block-image\"><img decoding=\"async\" src=\"https:\/\/scontent-cdg2-1.xx.fbcdn.net\/v\/t39.30808-6\/291349000_2868018940010361_1618006120252732235_n.jpg?_nc_cat=111&amp;ccb=1-7&amp;_nc_sid=730e14&amp;_nc_ohc=kf9inyMj1BIAX97Z_UL&amp;_nc_ht=scontent-cdg2-1.xx&amp;oh=00_AT8mlOLP4ldDFqBrDw9i0uhDta3SwYFFagEyf1dDBZi5cg&amp;oe=62C8A12A\" alt=\"Peut \u00eatre une image de 6 personnes, personnes debout et plein air\"\/><figcaption><img decoding=\"async\" src=\"https:\/\/scontent-cdg2-1.xx.fbcdn.net\/v\/t39.30808-6\/291134920_2868027970009458_1852382761976299485_n.jpg?_nc_cat=100&amp;ccb=1-7&amp;_nc_sid=730e14&amp;_nc_ohc=482oj_qjrB8AX8qzBH7&amp;_nc_ht=scontent-cdg2-1.xx&amp;oh=00_AT9OJ0EuD7zy8CKFA32KIqP0L97LScj_CFC63IHXWAEPOg&amp;oe=62C7FD4C\" alt=\"Peut \u00eatre une image de 5 personnes, enfant, personnes debout, arbre et plein air\"><\/figcaption><\/figure>\n\n\n\n<figure class=\"wp-block-image\"><img decoding=\"async\" src=\"https:\/\/scontent-cdg2-1.xx.fbcdn.net\/v\/t39.30808-6\/291140224_2868030013342587_2218158676148849186_n.jpg?_nc_cat=107&amp;ccb=1-7&amp;_nc_sid=730e14&amp;_nc_ohc=tVzcrWXvDZwAX-zW42A&amp;_nc_ht=scontent-cdg2-1.xx&amp;oh=00_AT_MXVi5r5JgLjAGvIjHnKYPBC5IX2yGFj3BWSlq8LJJpw&amp;oe=62C8A4A7\" alt=\"Peut \u00eatre une image de 8 personnes, personnes debout, arbre et plein air\"\/><\/figure>\n\n\n\n<figure class=\"wp-block-image\"><img decoding=\"async\" src=\"https:\/\/scontent-cdg2-1.xx.fbcdn.net\/v\/t39.30808-6\/290796287_2868031990009056_8992707706346179656_n.jpg?_nc_cat=111&amp;ccb=1-7&amp;_nc_sid=730e14&amp;_nc_ohc=bRxpvLyXCHEAX-Y_qJo&amp;_nc_ht=scontent-cdg2-1.xx&amp;oh=00_AT_kwdbfNrZiPseU_SKPuUEY6RbhtOsZvvuAP0I_dNfQXw&amp;oe=62C82651\" alt=\"Peut \u00eatre une image de 3 personnes, enfant, personnes debout, arbre et plein air\"\/><\/figure>\n\n\n\n<figure class=\"wp-block-image\"><img decoding=\"async\" src=\"https:\/\/scontent-cdt1-1.xx.fbcdn.net\/v\/t39.30808-6\/291500754_2868030660009189_788013016693524840_n.jpg?_nc_cat=101&amp;ccb=1-7&amp;_nc_sid=730e14&amp;_nc_ohc=34sQJjldhgcAX9chBcv&amp;_nc_ht=scontent-cdt1-1.xx&amp;oh=00_AT-izyUH1tl42IzotW3djR6sx8Qx3nkt7h-FbThMwv7D-g&amp;oe=62C7B898\" alt=\"Peut \u00eatre une image de 11 personnes, personnes debout et plein air\"\/><\/figure>\n","protected":false},"excerpt":{"rendered":"<p>Apr\u00e8s deux ans d&rsquo;absence, dimanche dernier marquait le retour de la kermesse de l&rsquo;\u00e9cole au Moulin des Landes. Un \u00e9v\u00e9nement tr\u00e8s attendu par les petits mais aussi les grands ! Au programme : moules-frites, p\u00eache aux canards, bowling, tatouages, ch\u00e2teaux gonflables&#8230;et bien s\u00fbr les danses propos\u00e9es par l&rsquo;\u00e9quipe enseignante et les enfants. Une magnifique journ\u00e9e &hellip; <a href=\"https:\/\/ecole-saint-joseph-44690.fr\/blog\/?p=8090\" class=\"more-link\">Continuer la lecture de <span class=\"screen-reader-text\">KERMESSE<\/span>  <span class=\"meta-nav\">&rarr;<\/span><\/a><\/p>\n","protected":false},"author":400,"featured_media":0,"comment_status":"open","ping_status":"open","sticky":false,"template":"","format":"standard","meta":{"jetpack_post_was_ever_published":false,"_jetpack_newsletter_access":"","_jetpack_dont_email_post_to_subs":false,"_jetpack_newsletter_tier_id":0,"_jetpack_memberships_contains_paywalled_content":false,"_jetpack_memberships_contains_paid_content":false,"footnotes":"","jetpack_publicize_message":"","jetpack_publicize_feature_enabled":true,"jetpack_social_post_already_shared":true,"jetpack_social_options":{"image_generator_settings":{"template":"highway","default_image_id":0,"font":"","enabled":false},"version":2}},"categories":[42],"tags":[],"class_list":["post-8090","post","type-post","status-publish","format-standard","hentry","category-apel"],"jetpack_publicize_connections":[],"jetpack_featured_media_url":"","jetpack_sharing_enabled":true,"jetpack_shortlink":"https:\/\/wp.me\/s5G85k-kermesse","jetpack_likes_enabled":true,"jetpack-related-posts":[{"id":8379,"url":"https:\/\/ecole-saint-joseph-44690.fr\/blog\/?p=8379","url_meta":{"origin":8090,"position":0},"title":"KERMESSE du 25 Juin 2023","author":"S\u00e9bastien JACOB","date":"25 juin 2023","format":false,"excerpt":"Jour de f\u00eate aux moulins des landes ! Une tr\u00e8s belle kermesse sous le signe du soleil. Un grand merci \u00e0 l'APEL pour l'organisation de cette journ\u00e9e, \u00e0 l'\u00e9quipe \u00e9ducative et aux parents qui ont donn\u00e9 de leur temps pour tenir un stand ou aider au d\u00e9montage. Et bravo aux\u2026","rel":"","context":"Dans &quot;APEL&quot;","block_context":{"text":"APEL","link":"https:\/\/ecole-saint-joseph-44690.fr\/blog\/?cat=42"},"img":{"alt_text":"","src":"https:\/\/i0.wp.com\/ecole-saint-joseph-44690.fr\/blog\/wp-content\/uploads\/2023\/07\/349190738_787565609904210_8564667885985460067_n-150x150.jpg?resize=350%2C200&ssl=1","width":350,"height":200,"srcset":"https:\/\/i0.wp.com\/ecole-saint-joseph-44690.fr\/blog\/wp-content\/uploads\/2023\/07\/349190738_787565609904210_8564667885985460067_n-150x150.jpg?resize=350%2C200&ssl=1 1x, https:\/\/i0.wp.com\/ecole-saint-joseph-44690.fr\/blog\/wp-content\/uploads\/2023\/07\/349190738_787565609904210_8564667885985460067_n-150x150.jpg?resize=525%2C300&ssl=1 1.5x, https:\/\/i0.wp.com\/ecole-saint-joseph-44690.fr\/blog\/wp-content\/uploads\/2023\/07\/349190738_787565609904210_8564667885985460067_n-150x150.jpg?resize=700%2C400&ssl=1 2x, https:\/\/i0.wp.com\/ecole-saint-joseph-44690.fr\/blog\/wp-content\/uploads\/2023\/07\/349190738_787565609904210_8564667885985460067_n-150x150.jpg?resize=1050%2C600&ssl=1 3x, https:\/\/i0.wp.com\/ecole-saint-joseph-44690.fr\/blog\/wp-content\/uploads\/2023\/07\/349190738_787565609904210_8564667885985460067_n-150x150.jpg?resize=1400%2C800&ssl=1 4x"},"classes":[]},{"id":8306,"url":"https:\/\/ecole-saint-joseph-44690.fr\/blog\/?p=8306","url_meta":{"origin":8090,"position":1},"title":"Journ\u00e9e sportive organis\u00e9e par les \u00e9coles St Joseph de la Haye Fouassi\u00e8re et de Chateau-Th\u00e9baud.","author":"S\u00e9bastien JACOB","date":"23 mai 2023","format":false,"excerpt":"Les \u00e9l\u00e8ves de primaire ont particip\u00e9 \u00e0 une journ\u00e9e sportive, organis\u00e9e par les \u00e9coles St Joseph de la Haye Fouassi\u00e8re et de Chateau-Th\u00e9baud. Un grand merci aux parents qui ont accompagn\u00e9 et contribu\u00e9 \u00e0 la r\u00e9ussite de cette journ\u00e9e.","rel":"","context":"Dans &quot;G\u00e9n\u00e9ral&quot;","block_context":{"text":"G\u00e9n\u00e9ral","link":"https:\/\/ecole-saint-joseph-44690.fr\/blog\/?cat=1"},"img":{"alt_text":"","src":"https:\/\/i0.wp.com\/ecole-saint-joseph-44690.fr\/blog\/wp-content\/uploads\/2023\/06\/345034927_954330522575547_7548137575666935523_n.jpg?resize=350%2C200&ssl=1","width":350,"height":200,"srcset":"https:\/\/i0.wp.com\/ecole-saint-joseph-44690.fr\/blog\/wp-content\/uploads\/2023\/06\/345034927_954330522575547_7548137575666935523_n.jpg?resize=350%2C200&ssl=1 1x, https:\/\/i0.wp.com\/ecole-saint-joseph-44690.fr\/blog\/wp-content\/uploads\/2023\/06\/345034927_954330522575547_7548137575666935523_n.jpg?resize=525%2C300&ssl=1 1.5x, https:\/\/i0.wp.com\/ecole-saint-joseph-44690.fr\/blog\/wp-content\/uploads\/2023\/06\/345034927_954330522575547_7548137575666935523_n.jpg?resize=700%2C400&ssl=1 2x"},"classes":[]},{"id":8620,"url":"https:\/\/ecole-saint-joseph-44690.fr\/blog\/?p=8620","url_meta":{"origin":8090,"position":2},"title":"VOYAGE EN ESPAGNE 2025 (jours 3 4 5)","author":"S\u00e9bastien JACOB","date":"2 avril 2025","format":false,"excerpt":"Jour3:Les \u00e9l\u00e8ves ont d\u00e9couvert l'\u00e9cole de Los Corrales de Buelna. Puis ils ont eu une visite guid\u00e9e de la ville, par des \u00e9l\u00e8ves espagnols de 6e. Pique nique et apr\u00e8s midi \u00e0 Comillas pour visiter \u00able caprice de Gaud\u00ed \u00bb, c\u2019\u00e9tait sublime ! Les enfants ont aussi eu la chance\u2026","rel":"","context":"Dans &quot;CM1&quot;","block_context":{"text":"CM1","link":"https:\/\/ecole-saint-joseph-44690.fr\/blog\/?cat=92"},"img":{"alt_text":"","src":"https:\/\/i0.wp.com\/ecole-saint-joseph-44690.fr\/blog\/wp-content\/uploads\/2025\/04\/488268890_1254961133164653_3509363775231215163_n-150x150.jpg?resize=350%2C200&ssl=1","width":350,"height":200,"srcset":"https:\/\/i0.wp.com\/ecole-saint-joseph-44690.fr\/blog\/wp-content\/uploads\/2025\/04\/488268890_1254961133164653_3509363775231215163_n-150x150.jpg?resize=350%2C200&ssl=1 1x, https:\/\/i0.wp.com\/ecole-saint-joseph-44690.fr\/blog\/wp-content\/uploads\/2025\/04\/488268890_1254961133164653_3509363775231215163_n-150x150.jpg?resize=525%2C300&ssl=1 1.5x, https:\/\/i0.wp.com\/ecole-saint-joseph-44690.fr\/blog\/wp-content\/uploads\/2025\/04\/488268890_1254961133164653_3509363775231215163_n-150x150.jpg?resize=700%2C400&ssl=1 2x, https:\/\/i0.wp.com\/ecole-saint-joseph-44690.fr\/blog\/wp-content\/uploads\/2025\/04\/488268890_1254961133164653_3509363775231215163_n-150x150.jpg?resize=1050%2C600&ssl=1 3x, https:\/\/i0.wp.com\/ecole-saint-joseph-44690.fr\/blog\/wp-content\/uploads\/2025\/04\/488268890_1254961133164653_3509363775231215163_n-150x150.jpg?resize=1400%2C800&ssl=1 4x"},"classes":[]},{"id":8272,"url":"https:\/\/ecole-saint-joseph-44690.fr\/blog\/?p=8272","url_meta":{"origin":8090,"position":3},"title":"COMMEMORATIONS DU 8 MAI","author":"S\u00e9bastien JACOB","date":"11 mai 2023","format":false,"excerpt":"Suite aux comm\u00e9morations o\u00f9 quelques enfants de l\u2019\u00e9cole ont pu assister, une apr\u00e8s-midi consacr\u00e9e \u00e0 la seconde guerre mondiale a \u00e9t\u00e9 organis\u00e9e le 11 mai. Les \u00e9l\u00e8ves de primaire ont pu rencontrer un t\u00e9moin des bombardements de Nantes, Robert Courtois qui a racont\u00e9 ses souvenirs d\u2019enfant. L\u2019association le Souvenir Fran\u00e7ais\u2026","rel":"","context":"Dans &quot;Ecole&quot;","block_context":{"text":"Ecole","link":"https:\/\/ecole-saint-joseph-44690.fr\/blog\/?cat=11"},"img":{"alt_text":"","src":"https:\/\/i0.wp.com\/ecole-saint-joseph-44690.fr\/blog\/wp-content\/uploads\/2023\/06\/WhatsApp-Image-2023-05-14-at-16.13.34-1.jpeg?resize=350%2C200&ssl=1","width":350,"height":200,"srcset":"https:\/\/i0.wp.com\/ecole-saint-joseph-44690.fr\/blog\/wp-content\/uploads\/2023\/06\/WhatsApp-Image-2023-05-14-at-16.13.34-1.jpeg?resize=350%2C200&ssl=1 1x, https:\/\/i0.wp.com\/ecole-saint-joseph-44690.fr\/blog\/wp-content\/uploads\/2023\/06\/WhatsApp-Image-2023-05-14-at-16.13.34-1.jpeg?resize=525%2C300&ssl=1 1.5x, https:\/\/i0.wp.com\/ecole-saint-joseph-44690.fr\/blog\/wp-content\/uploads\/2023\/06\/WhatsApp-Image-2023-05-14-at-16.13.34-1.jpeg?resize=700%2C400&ssl=1 2x"},"classes":[]},{"id":8196,"url":"https:\/\/ecole-saint-joseph-44690.fr\/blog\/?p=8196","url_meta":{"origin":8090,"position":4},"title":"Recette de cuisine en anglais CM1 et CM2","author":"S\u00e9bastien JACOB","date":"27 janvier 2023","format":false,"excerpt":"Jeudi 27 janvier midi, quelques \u00e9l\u00e8ves ont r\u00e9alis\u00e9 une recette de cuisine que nous vous partageons en anglais. Ceci s'inscrit dans le\u00a0 cadre de la promotion\u00a0 de l'anglais \u00e0 l'\u00e9cole avec la participation d'Angelina (Service civique). Merci \u00e0 Angelina qui a r\u00e9alis\u00e9 les vid\u00e9o.\u00a0 La recette du salami au chocolat\u2026","rel":"","context":"Dans &quot;CM1&quot;","block_context":{"text":"CM1","link":"https:\/\/ecole-saint-joseph-44690.fr\/blog\/?cat=92"},"img":{"alt_text":"","src":"","width":0,"height":0},"classes":[]},{"id":8163,"url":"https:\/\/ecole-saint-joseph-44690.fr\/blog\/?p=8163","url_meta":{"origin":8090,"position":5},"title":"Cadeaux des petits lutins de L&rsquo;APEL","author":"S\u00e9bastien JACOB","date":"5 janvier 2023","format":false,"excerpt":"Les enseignantes remercient les petits lutins de l\u2019APEL pour le cadeau de No\u00ebl d\u00e9pos\u00e9 dans chaque classe. Les enfants ont pu le d\u00e9couvrir \u00e0 leur retour des vacances de No\u00ebl","rel":"","context":"Dans &quot;APEL&quot;","block_context":{"text":"APEL","link":"https:\/\/ecole-saint-joseph-44690.fr\/blog\/?cat=42"},"img":{"alt_text":"","src":"https:\/\/i0.wp.com\/ecole-saint-joseph-44690.fr\/blog\/wp-content\/uploads\/2023\/02\/image-16.png?resize=350%2C200&ssl=1","width":350,"height":200,"srcset":"https:\/\/i0.wp.com\/ecole-saint-joseph-44690.fr\/blog\/wp-content\/uploads\/2023\/02\/image-16.png?resize=350%2C200&ssl=1 1x, https:\/\/i0.wp.com\/ecole-saint-joseph-44690.fr\/blog\/wp-content\/uploads\/2023\/02\/image-16.png?resize=525%2C300&ssl=1 1.5x, https:\/\/i0.wp.com\/ecole-saint-joseph-44690.fr\/blog\/wp-content\/uploads\/2023\/02\/image-16.png?resize=700%2C400&ssl=1 2x"},"classes":[]}],"_links":{"self":[{"href":"https:\/\/ecole-saint-joseph-44690.fr\/blog\/index.php?rest_route=\/wp\/v2\/posts\/8090","targetHints":{"allow":["GET"]}}],"collection":[{"href":"https:\/\/ecole-saint-joseph-44690.fr\/blog\/index.php?rest_route=\/wp\/v2\/posts"}],"about":[{"href":"https:\/\/ecole-saint-joseph-44690.fr\/blog\/index.php?rest_route=\/wp\/v2\/types\/post"}],"author":[{"embeddable":true,"href":"https:\/\/ecole-saint-joseph-44690.fr\/blog\/index.php?rest_route=\/wp\/v2\/users\/400"}],"replies":[{"embeddable":true,"href":"https:\/\/ecole-saint-joseph-44690.fr\/blog\/index.php?rest_route=%2Fwp%2Fv2%2Fcomments&post=8090"}],"version-history":[{"count":1,"href":"https:\/\/ecole-saint-joseph-44690.fr\/blog\/index.php?rest_route=\/wp\/v2\/posts\/8090\/revisions"}],"predecessor-version":[{"id":8091,"href":"https:\/\/ecole-saint-joseph-44690.fr\/blog\/index.php?rest_route=\/wp\/v2\/posts\/8090\/revisions\/8091"}],"wp:attachment":[{"href":"https:\/\/ecole-saint-joseph-44690.fr\/blog\/index.php?rest_route=%2Fwp%2Fv2%2Fmedia&parent=8090"}],"wp:term":[{"taxonomy":"category","embeddable":true,"href":"https:\/\/ecole-saint-joseph-44690.fr\/blog\/index.php?rest_route=%2Fwp%2Fv2%2Fcategories&post=8090"},{"taxonomy":"post_tag","embeddable":true,"href":"https:\/\/ecole-saint-joseph-44690.fr\/blog\/index.php?rest_route=%2Fwp%2Fv2%2Ftags&post=8090"}],"curies":[{"name":"wp","href":"https:\/\/api.w.org\/{rel}","templated":true}]}}